{"id":451,"date":"2020-07-20T10:44:53","date_gmt":"2020-07-20T10:44:53","guid":{"rendered":"http:\/\/pubweb.carnet.hr\/suoznhb\/?p=451"},"modified":"2020-07-20T10:54:06","modified_gmt":"2020-07-20T10:54:06","slug":"priopcenje-2","status":"publish","type":"post","link":"https:\/\/pubweb.carnet.hr\/suoznhb\/2020\/07\/20\/priopcenje-2\/","title":{"rendered":"Priop\u0107enje: Ministarstvo koje nekima ne treba"},"content":{"rendered":"<p>Priop\u0107enje SAVEZA UDRUGA OBITELJI ZATO\u010cENIH I NESTALIH HRVATSKIH BRANITELJA<\/p>\n<p>Osvrt na tvrdnje kako je Ministarstvo hrvatskih branitelja ministarstvo koje nikom ne treba<\/p>\n<p>Posljednjih dana u javnom prostoru pojavili su se zanimljivi uradci puni teza, pretpostavki i osvrta poznatih i nepoznatih izvora o Ministarstvu hrvatskih branitelja koje,\u00a0 \u201e NIKOME NE TREBA\u201c.\u00a0\u00a0 Iako su izvori pomno birani kako bi pogodili cilj, ve\u0107 sami naslovi govore kako je do\u0161lo do proma\u0161aja. Samo dva slova u naslovima promijenila bi dojam kako neki jo\u0161 uvijek vode kampanju: \u201eMINISTARSTVO KOJE\u00a0 NEKIMA NE TREBA\u201c .<\/p>\n<p>Ministarstvo hrvatskih branitelja itekako treba stradalnicima Domovinskog rata, ve\u0107ini hrvatskih branitelja, ali i cjelokupnom dru\u0161tvu koje jo\u0161 uvijek nije u potpunosti zrelo kada je u pitanju odnos prema hrvatskim braniteljima, Domovinskom ratu, \u017ertvama i odgovornosti za budu\u0107nost hrvatskog naroda.<\/p>\n<p>Ministarstvo hrvatskih branitelja je najslo\u017eeniji resor s naj\u0161irom paletom korisnika, problema i zada\u0107a koje obuhva\u0107aju pro\u0161lost, sada\u0161njost i budu\u0107nost: rje\u0161avanje\u00a0 pitanja nestalih osoba, zakonski okvir za civilne \u017ertve rata,\u00a0 slo\u017eena struktura hrvatskih branitelja i egzistencijalnih problema, jo\u0161 uvijek veliki broj suicida, pobol i u\u010destalost malignih bolesti, ja\u010danje kvalitete \u017eivljenja i zdravstvene skrbi, znanstvena istra\u017eivanja, spomen obilje\u017eja, kultura sje\u0107anja, kao i mnogi drugi procesi i problemi koje ovaj resor vodi i rje\u0161ava. Ovaj resor brine o nizu problema koje druge institucije ne mogu rije\u0161iti.<\/p>\n<p>Ministarstvo obrane ima sasvim druga\u010dije zada\u0107e, probleme i kao temeljni stup sigurnosti dr\u017eave zahtjeva potpunu posve\u0107enost osobe koja ga vodi, ministra. Spajanjem ovih dvaju ministarstava\u00a0 jedan resor bi pretrpio veliku \u0161tetu, a jasno je koji resor bi to bio. Nekima bi to odgovaralo, a nama je neprihvatljivo.<\/p>\n<p>Nitko se u javnom prostoru nije pozabavio pitanjem kako bi se takav megaresor zvao i pod koji resor bi u tom slu\u010daju potpali nestali branitelji, civili, smrtno stradali branitelji. Nitko se nije sjetio kako nestali i smrtno stradali hrvatski branitelji po definiciji nikako ne mogu biti ratni veterani. Nitko nije htio pretpostaviti kako bi njihovi \u017eivoti i smrti, njihove obitelji potpali pod ministarstvo koje se bavi socijalnim politikama. Ali bi zato u megaresoru bili objedinjeni vetrani Domovinskog rata, vojnih misija, drugog svjetskog rata i svih vojski koje su djelovale na prostoru Hrvatske, od stolje\u0107a sedmog, kako to davne 2013. godine re\u010de tada\u0161nji ministar branitelja, a dana\u0161nji kriti\u010dar i oponent\u00a0 iste te funkcije. Da, on je ve\u0107\u00a0 u kolovozu 2012. rekao kako je vrijeme za priznavanja sta\u017ea vojsci RSK, pa ne \u010dudi \u0161to \u017eeli ukidanje ministarstva kojemu je on za svog mandata za po\u010detak ukinuo jednu bitnu rije\u010d u nazivu. \u017dalio se tada kako kao ministar nema vremena za svoju obitelj, a sada misli da je vrijeme za spajanje dva ministarstva. Za\u010du\u0111uju\u0107e je i to \u0161to je njegova stranka, u koju je u\u0161ao \u201eiz inata\u201c , u\u00a0 predizbornoj kampanji ustrajala na stavu kako \u0107e zadr\u017eati ministarstvo u postoje\u0107em obliku, ukoliko pobijedi na izborima . Eto, on je jedan od biranih, ali neobi\u010dnih izvora kojima se koriste neki\u00a0 autori u \u010dlancima koji su sve osim objektivan pristup temi.<\/p>\n<p>Navodi se \u010desto kako se braniteljske udruge nisu bunile na ideju o spajanju MHB i MORH-a te kako iz braniteljskih udruga pristi\u017eu informacije o zahvalama ministru Medvedu tek nakon \u0161to je donesena kona\u010dna odluka \u0161to i nije ba\u0161 to\u010dno.<\/p>\n<p>SUOZNHB je stradalni\u010dka udruga koja usko sura\u0111uje sa drugim stradalni\u010dkim udrugama (roditelji poginulih branitelja, djeca poginulih branitelja, civilne \u017ertve Domovinskog rata) , ali i s braniteljskim udrugama. Mi smo, kao i znatan broj drugih udruga reagirali na najavu mogu\u0107nosti spajanja ova dva resora i pobunili se, ali o tome se nije progovorilo u raznim \u010dlancima jer na\u0161e udruge nisu bile po\u017eeljne kao izvori . Da se o tome progovorilo, da smo pitani imenom i prezimenom,\u00a0 \u010ditateljima bi bilo jasnije za\u0161to jo\u0161 uvijek nije vrijeme za ukidanje Ministarstva hrvatskih branitelja i koliko vode jo\u0161 treba Dunavom prote\u0107i dok se ne rije\u0161e pitanja iz pro\u0161losti, posljedice i problemi koji su nasljije\u0111e Domovinskog rata, velikosrpske agresije na Republiku Hrvatsku<\/p>\n<p>Mi se kao udruga jesmo zahvalilii ministru\u00a0 Tomi Medvedu,\u00a0 njegovom pomo\u0107niku Stjepanu Su\u010di\u0107u, i predsjedniku Vlade Andreju Plenkovi\u0107u na svemu \u0161to su \u010dinili i \u010dine za ubrzanje rje\u0161avanja pitanja nestalih osoba, iako neki koji ve\u0107 odavno ne prate ovaj proces tvrde kako se ne radi ni\u0161ta. Radi se vi\u0161e nego ikada, ali bi neki \u017eeljeli da je to druga\u010dije, a neki su podlegli sujeti i osobnim frustracijama.<\/p>\n<p>Uz zahvalu smo istakli i kako cijenimo to \u0161to je predsjednik Vlade Andrej Plenkovi\u0107 u Tomi Medvedu prepoznao sna\u017enu osobu koja ima iskustvo, ugled i sposobnosti biti na \u010delu dva resora i nositi odgovornost na MORH kao jedan od bitnih stupova sigurnosti dr\u017eave i za braniteljsku populaciju kao temelj dr\u017eave.<\/p>\n<p>Biti na \u010delu megaresora, uz\u00a0 to biti i potpredsjednik Vlade, zamjenik predsjednika stranke, a logikom stvari i klju\u010dna osoba za Domovinsku sigurnost, pa tko bi se u ovoj dr\u017eavi pobunio protiv takve pozicije. Neki imenovani i neki neimenovani koji su posljednjih dana jako glasni oko spajanja sigurno ne bi, ali general i ministar Tomo Medved se o\u010dito pobunio, i htjeli to priznati ili ne, odbio \u010dast koja do sada nije ponu\u0111ena nikom drugom, ne bez razloga. Tomo Medved je dao veliki doprinos stabilnosti Vlade u proteklom mandatu, a to se od njega o\u010dekuje i u te\u0161kim vremenima koja nas \u010dekaju. To je\u00a0 ono oko \u010dega nema spora, ali se o tome pi\u0161e i govori kroz neke druge prizme i kroz stalne poku\u0161aje mu\u0107enja poprili\u010dno bistre vode.<\/p>\n<p>Obitelji nestalih hrvaskih branitelja znaju dobro \u0161to je Tomo Medved u\u010dinio za pitanje nestalih osoba i zbog \u010dega su mu zahvalne, ali isto tako znaju da bi malo toga mogao u\u010diniti kao ministar dva izuzetno zahtjevna resora, kao i da nestali i smrtno stradali hrvatski branitelji nebi bili dio tog megaresora. Bez obzira na puno naslije\u0111enih propusta i pitanja koja su odavno trebala biti rije\u0161ena , a nisu, bez obzira na razne populiste, biv\u0161e, sada\u0161nje i budu\u0107e mesije i proroke, i one kojima su \u017ertve slu\u017eile kao odsko\u010dne daske u razne po\u017eeljne svjetove, bez obzira na neke politi\u010dke konstalacije i kompromise koji nam nisu blisli, \u00a0\u00a0obiteljima nstalih hrvatskih branitelja je vra\u0107eno povjerenje u institucije. U protekle \u010detiri godine Ministarstvo hrvatskih branitelja je provodilo i pokrenulo puno procesa, ali posao nije zavr\u0161en. E to je ono zbog \u010dega smo se mi pobunil protiv megaresorai, to je ono zbog \u010dega ministar Tomo Medved nije prihvatio ponu\u0111enu \u010dast, i to treba jasno re\u0107i. Isto tako treba ponoviti kako je politika umije\u0107e mogu\u0107eg , barem bi tako trebalo biti.\u00a0 Sve drugo je sajam ta\u0161tine, \u00a0potreba za oponiranjem i ispunjavanjem neostvarenih \u017eelja.<\/p>\n<p>&nbsp;<\/p>\n<p>Ljiljana Alvir, predsjednica SUOZNHB<\/p>\n<p>U Zagrebu, 19. Srpnja 2020,<\/p>\n<p>&nbsp;<\/p>\n","protected":false},"excerpt":{"rendered":"<p>Priop\u0107enje SAVEZA UDRUGA OBITELJI ZATO\u010cENIH I NESTALIH HRVATSKIH BRANITELJA Osvrt na tvrdnje kako je Ministarstvo hrvatskih branitelja ministarstvo koje nikom ne treba Posljednjih dana u javnom prostoru pojavili su se zanimljivi uradci puni teza, pretpostavki i osvrta poznatih i nepoznatih izvora o Ministarstvu hrvatskih branitelja koje,\u00a0 \u201e NIKOME NE TREBA\u201c.\u00a0\u00a0 Iako su izvori pomno birani &hellip; <a href=\"https:\/\/pubweb.carnet.hr\/suoznhb\/2020\/07\/20\/priopcenje-2\/\" class=\"more-link\">Nastavi \u010ditati <span class=\"screen-reader-text\">Priop\u0107enje: Ministarstvo koje nekima ne treba<\/span> <span class=\"meta-nav\">&rarr;<\/span><\/a><\/p>\n","protected":false},"author":89,"featured_media":0,"comment_status":"closed","ping_status":"closed","sticky":false,"template":"","format":"standard","meta":{"footnotes":""},"categories":[1],"tags":[],"class_list":["post-451","post","type-post","status-publish","format-standard","hentry","category-nekategorizirano"],"_links":{"self":[{"href":"https:\/\/pubweb.carnet.hr\/suoznhb\/wp-json\/wp\/v2\/posts\/451","targetHints":{"allow":["GET"]}}],"collection":[{"href":"https:\/\/pubweb.carnet.hr\/suoznhb\/wp-json\/wp\/v2\/posts"}],"about":[{"href":"https:\/\/pubweb.carnet.hr\/suoznhb\/wp-json\/wp\/v2\/types\/post"}],"author":[{"embeddable":true,"href":"https:\/\/pubweb.carnet.hr\/suoznhb\/wp-json\/wp\/v2\/users\/89"}],"replies":[{"embeddable":true,"href":"https:\/\/pubweb.carnet.hr\/suoznhb\/wp-json\/wp\/v2\/comments?post=451"}],"version-history":[{"count":2,"href":"https:\/\/pubweb.carnet.hr\/suoznhb\/wp-json\/wp\/v2\/posts\/451\/revisions"}],"predecessor-version":[{"id":457,"href":"https:\/\/pubweb.carnet.hr\/suoznhb\/wp-json\/wp\/v2\/posts\/451\/revisions\/457"}],"wp:attachment":[{"href":"https:\/\/pubweb.carnet.hr\/suoznhb\/wp-json\/wp\/v2\/media?parent=451"}],"wp:term":[{"taxonomy":"category","embeddable":true,"href":"https:\/\/pubweb.carnet.hr\/suoznhb\/wp-json\/wp\/v2\/categories?post=451"},{"taxonomy":"post_tag","embeddable":true,"href":"https:\/\/pubweb.carnet.hr\/suoznhb\/wp-json\/wp\/v2\/tags?post=451"}],"curies":[{"name":"wp","href":"https:\/\/api.w.org\/{rel}","templated":true}]}}