{"id":446,"date":"2020-07-03T17:47:31","date_gmt":"2020-07-03T17:47:31","guid":{"rendered":"http:\/\/pubweb.carnet.hr\/suoznhb\/?p=446"},"modified":"2020-07-20T10:50:01","modified_gmt":"2020-07-20T10:50:01","slug":"446","status":"publish","type":"post","link":"https:\/\/pubweb.carnet.hr\/suoznhb\/2020\/07\/03\/446\/","title":{"rendered":"Priop\u0107enje o tra\u017eenju osoba nestalih u Domovinskom ratu"},"content":{"rendered":"<h1>Priop\u0107enje o tra\u017eenju osoba nestalih u Domovinskom ratu<\/h1>\n<div class=\"page_content\">\n<div id=\"galleryContainer\" class=\"article_photo\"><a title=\"Pove\u0107aj sliku\" href=\"https:\/\/branitelji.gov.hr\/userdocsimages\/\/MHB%20MEDVED\/Logo_mbrh%20(1)%20(Medium).png?width=1500&amp;height=1000&amp;mode=max\" rel=\"galerija\"><img decoding=\"async\" src=\"https:\/\/branitelji.gov.hr\/userdocsimages\/\/MHB%20MEDVED\/Logo_mbrh%20(1)%20(Medium).png?width=750&amp;height=500&amp;mode=crop\" alt=\"Slika \/MHB MEDVED\/Logo_mbrh (1) (Medium).png\" \/><\/a><\/div>\n<h3>Apeliramo na pojedince da ovo najte\u017ee humanitarno pitanje ne koriste u prizemne i osobne svrhe jer osobe nestale u Domovinskom ratu takav pristup ne zaslu\u017euju, kao ni i \u010dlanovi njihovih obitelji koji i trideset godina nakon po\u010detka Domovinskog rata nemaju mjesto na kojem mogu zapaliti svije\u0107u svojim najmilijima.<\/h3>\n<p>S obzirom na objave koje se ve\u0107 dulje vrijeme, a osobito posljednjih dana plasiraju u javnom prostoru vezano uz tra\u017eenje osoba nestalih u Domovinskom ratu i mogu\u0107a mjesta masovnih grobnica, kao i tvrdnje kako su istrage obustavljene 2018. godine i kako se ne radi ni\u0161ta na pronalasku nestalih osoba, zbog istinitog informiranja javnosti, a posebice \u010dlanova obitelji osoba nestalih u Domovinskom ratu, Ministarstvo hrvatskih branitelja du\u017eno je objaviti ovo priop\u0107enje i ponovno podsjetiti javnost na \u010dinjenice i rezultate traganja za nestalima.<\/p>\n<p>Proces tra\u017eenja hrvatskih branitelja i civila nestalih u Domovinskom ratu ne samo da nije obustavljen, nego je intenziviran u posljednje \u010detiri godini ja\u010danjem i povezivanjem svih dionika ovog slo\u017eenog procesa, kao i unaprje\u0111enjem metodologije. Obitelji nestalih hrvatskih branitelja i civilnih \u017ertava Domovinskog rata su u potpunosti uklju\u010dene u proces i kontinuirano informirane putem udruga, kao i direktnom pojedina\u010dnom komunikacijom o svim segmentima procesa, svim aktivnostima, rezultatima i preprekama.<\/p>\n<p>Doprinos i podr\u0161ku u potrazi za osobama nestalim u Domovinskom ratu dali su i mnogi hrvatski branitelji vo\u0111eni isklju\u010divo \u017eeljom da se napokon sazna istina o njihovim ratnim prijateljima.<\/p>\n<p>Ministarstvo hrvatskih branitelja, kao i Vlada Republike Hrvatske, su se prema osobama nestalim u Domovinskom ratu i njihovim obiteljima odnosili odgovorno i s pijetetom, bez ikakve zadr\u0161ke, a ne \u0161pekulativno i senzacionalisti\u010dki. Umjesto stalnih javnih istupa i prezentiranja rada na terenu, mi smo odabrali rad, odgovoran profesionalan pristup i po\u0161tivanje iskustva i stavova \u010dlanova obitelji nestalih u Domovinskom ratu.<\/p>\n<p>Vezano uz najnovije objave kojima pojedini akteri mogu dovesti javnost u zabludu, a koje su zasigurno uznemiravaju\u0107e za one koji jo\u0161 tragaju za svojim najmilijima, objavljujemo \u010dinjenice:<\/p>\n<p>U oru\u017eanoj veliko-srpskoj agresiji na Vukovar 1991. godine, na Veleprometu je izdvojen\u00a0<strong>neutvr\u0111eni broj hrvatskih branitelja i civila.<\/strong><\/p>\n<p>Dio njih (19 osoba), prema dokumentaciji koju je Uprava za zato\u010dene i nestale Ministarstva hrvatskih branitelja ishodovala u pregovorima sa srbijanskom Komisijom, prona\u0111en je 7. prosinca 1991. u tri rake &#8211; masovne grobnice preko puta pruge kod Veleprometa, te su nakon pregleda na Ciglani privremeno pokopani na Novom groblju u Vukovaru, odakle su njihovi posmrtni ostaci ekshumirani 1998. godine.<\/p>\n<p>U proteklim godinama u potrazi za ostalim hrvatskim braniteljima i civilima koji su zadnji put vi\u0111eni na Veleprometu u Vukovaru, u organizaciji Uprave za zato\u010dene i nestale Ministarstva hrvatskih branitelja proveden je niz aktivnosti. Temeljem prikupljenih saznanja provedeno je terensko istra\u017eivanje na osam mikro-lokacija, no probnim iskapanjima posmrtni ostaci prona\u0111eni su na samo jednoj lokaciji (dvije osobe).<\/p>\n<p>Zadnje takvo istra\u017eivanje, koje je uz probno iskapanje uklju\u010divalo zra\u010dno snimanje i pregled geo-radarom, provedeno je 12. prosinca 2017. u dvori\u0161tu tvrtke Velepromet. Me\u0111utim, nisu prona\u0111eni posmrtni ostaci, kao ni tragovi u tlu koji bi upu\u0107ivali da su posmrtni ostaci na navedenoj lokaciji bili ukopani. Uz probna iskapanja, provedeni su i izvidi na obli\u017enjim lokacijama zbog pretpostavke da bi se na istima mogli nalaziti posmrtni ostaci osoba izdvojenih na Veleprometu, no bez potvrde.<\/p>\n<p><strong>Uprava za zato\u010dene i nestale Ministarstva hrvatskih branitelja, u suradnji sa svim nadle\u017enim tijelima Republike Hrvatske, provodi intenzivnu i predanu potragu za preostalim hrvatskim braniteljima i civilima izdvojenim na Veleprometu<\/strong>\u00a0(prema podacima iz zahtjeva za tra\u017eenje, najmla\u0111a \u017ertva izdvojena na Veleprometu, u trenutku nestanka je imala 16 godina).<\/p>\n<p>U razdoblju od listopada 2016. do srpnja 2020. godine u\u010dinjeni su dodatni napori kako bi se pridonijelo pronalasku nestalih osoba na ovom podru\u010dju.<\/p>\n<p>Me\u0111utim, klju\u010dnu prepreku u rje\u0161avanju njihovih sudbina predstavlja\u00a0<strong>nedostatak to\u010dnih informacija<\/strong>\u00a0o mjestima masovnih i pojedina\u010dnih grobnica s posmrtnim ostacima \u017ertava. Ministarstvo hrvatskih branitelja je od Komisije za nestala lica Vlade Republike Srbije zatra\u017eilo dostavu saznanja o mjestima ukopa osoba \u010diji se nestanak ve\u017ee uz ratna doga\u0111anja na podru\u010dju Vukovara.<\/p>\n<p>U posljednje \u010detiri godine, samo na podru\u010dju Grada Vukovara i prigradskih naselja provedena su probna iskapanja na 74 mogu\u0107a mjesta masovnih i pojedina\u010dnih grobnica\u00a0<strong>u trajanju od 339 radnih dana<\/strong>\u00a0prilikom \u010dega je obra\u0111eno\u00a0<strong>409,037.5 m<sup>2<\/sup>\u00a0povr\u0161ine<\/strong>. Najopse\u017eniji radovi na podru\u010dju Vukovara provedeni su pretra\u017eivanjem lokacija: \u201eOv\u010dara\u201c (140 radnih dana, istra\u017eeno 370.251 m<sup>2<\/sup>), \u201eIn\u017eenjerijski poligon\u201c (77 radnih dana, istra\u017eeno 16.590 m<sup>2<\/sup>), \u201eBalenica pa\u0161njak\u201c (32 radna dana, istra\u017eeno 5246 m<sup>2<\/sup>).<\/p>\n<p>Nadalje, pretra\u017een je prostor Gradske tr\u017enice u Vukovaru, prostor Veleprometa, lokacija na Priljevu te ve\u0107i broj lokacija na podru\u010dju Sotina, Trpinje, Negoslavaca, Petrovaca, Borova, Bogdanovaca, Marinaca, Berka, \u0160arviz dole, kao i Dalja u Osje\u010dko-baranjskoj \u017eupaniji.<\/p>\n<p>Na podru\u010dju Vukovarsko-srijemske \u017eupanije prona\u0111eni su i ekshumirani posmrtni ostaci 15 osoba, pri \u010demu isti\u010demo pronalazak masovne grobnice u Marincima, iz koje su 18. sije\u010dnja 2020. ekshumirani posmrtni ostaci \u010detvorice hrvatskih branitelja, a\u00a0<strong>u tijeku su probna iskapanja na podru\u010dju Priljeva<\/strong>. Zavr\u0161no su identificirani posmrtni ostaci 13 osoba ekshumiranih s podru\u010dja Vukovarsko\u2013srijemske \u017eupanije.<\/p>\n<p>Od\u00a0<strong>1.869<\/strong>\u00a0<strong>nerije\u0161enih slu\u010dajeva nestalih i smrtno stradalih osoba<\/strong>\u00a0u Domovinskom ratu za koje nije poznato mjesto ukopa, najve\u0107i broj \u010dine osobe s podru\u010dja Vukovarsko-srijemske \u017eupanije, njih\u00a0<strong>525<\/strong>, od kojih je\u00a0<strong>386\u00a0<\/strong>osoba nestalih i nasilno odvedenih s podru\u010dja Grada Vukovara i prigradskih naselja te u poku\u0161aju proboja iz neprijateljskog obru\u010da u Vukovaru kada im se gubi trag na podru\u010dju Petrovaca , Marinaca i drugih naselja na podru\u010dju Vukovara.<\/p>\n<p>Ministarstvo hrvatskih branitelja, u suradnji s drugim tijelima, svaku informaciju provjerava i na sve dojave reagira te isti\u010demo kako su\u00a0<strong>sve informacije koje smo dobili o Veleprometu istra\u017eene<\/strong>. Za sve nedostavljene informacije su odgovorni oni koji su ih \u010duvali u privatnim bilje\u0161kama i na druge na\u010dine.<\/p>\n<p>Proces \u00a0tra\u017eenja reguliran je<strong><em>\u00a0Zakonom o osobama nestalim u Domovinskom ratu<\/em>, koji je donesen 2019. godine upravo s ciljem \u0161to u\u010dinkovitijeg rje\u0161avanja tog najte\u017eeg humanitarnog pitanja, a s istim ciljem otvorene su ispostave u Vukovaru i Splitu\u00a0<\/strong>koje su uvelike olak\u0161ale razmjenu informacija te unaprijedile komunikaciju Ministarstva s drugim nadle\u017enim tijelima i \u010dlanovima obitelji.<\/p>\n<p>Apeliramo na pojedince da ovo najte\u017ee humanitarno pitanje ne koriste u prizemne i osobne svrhe jer osobe nestale u Domovinskom ratu takav pristup ne zaslu\u017euju, kao ni i \u010dlanovi njihovih obitelji koji i trideset godina nakon po\u010detka Domovinskog rata nemaju mjesto na kojem mogu zapaliti svije\u0107u svojim najmilijima.<\/p>\n<\/div>\n","protected":false},"excerpt":{"rendered":"<p>Priop\u0107enje o tra\u017eenju osoba nestalih u Domovinskom ratu Apeliramo na pojedince da ovo najte\u017ee humanitarno pitanje ne koriste u prizemne i osobne svrhe jer osobe nestale u Domovinskom ratu takav pristup ne zaslu\u017euju, kao ni i \u010dlanovi njihovih obitelji koji i trideset godina nakon po\u010detka Domovinskog rata nemaju mjesto na kojem mogu zapaliti svije\u0107u svojim &hellip; <a href=\"https:\/\/pubweb.carnet.hr\/suoznhb\/2020\/07\/03\/446\/\" class=\"more-link\">Nastavi \u010ditati <span class=\"screen-reader-text\">Priop\u0107enje o tra\u017eenju osoba nestalih u Domovinskom ratu<\/span> <span class=\"meta-nav\">&rarr;<\/span><\/a><\/p>\n","protected":false},"author":89,"featured_media":0,"comment_status":"closed","ping_status":"closed","sticky":false,"template":"","format":"standard","meta":{"footnotes":""},"categories":[1],"tags":[],"class_list":["post-446","post","type-post","status-publish","format-standard","hentry","category-nekategorizirano"],"_links":{"self":[{"href":"https:\/\/pubweb.carnet.hr\/suoznhb\/wp-json\/wp\/v2\/posts\/446","targetHints":{"allow":["GET"]}}],"collection":[{"href":"https:\/\/pubweb.carnet.hr\/suoznhb\/wp-json\/wp\/v2\/posts"}],"about":[{"href":"https:\/\/pubweb.carnet.hr\/suoznhb\/wp-json\/wp\/v2\/types\/post"}],"author":[{"embeddable":true,"href":"https:\/\/pubweb.carnet.hr\/suoznhb\/wp-json\/wp\/v2\/users\/89"}],"replies":[{"embeddable":true,"href":"https:\/\/pubweb.carnet.hr\/suoznhb\/wp-json\/wp\/v2\/comments?post=446"}],"version-history":[{"count":2,"href":"https:\/\/pubweb.carnet.hr\/suoznhb\/wp-json\/wp\/v2\/posts\/446\/revisions"}],"predecessor-version":[{"id":454,"href":"https:\/\/pubweb.carnet.hr\/suoznhb\/wp-json\/wp\/v2\/posts\/446\/revisions\/454"}],"wp:attachment":[{"href":"https:\/\/pubweb.carnet.hr\/suoznhb\/wp-json\/wp\/v2\/media?parent=446"}],"wp:term":[{"taxonomy":"category","embeddable":true,"href":"https:\/\/pubweb.carnet.hr\/suoznhb\/wp-json\/wp\/v2\/categories?post=446"},{"taxonomy":"post_tag","embeddable":true,"href":"https:\/\/pubweb.carnet.hr\/suoznhb\/wp-json\/wp\/v2\/tags?post=446"}],"curies":[{"name":"wp","href":"https:\/\/api.w.org\/{rel}","templated":true}]}}