{"id":363,"date":"2019-11-20T09:48:29","date_gmt":"2019-11-20T09:48:29","guid":{"rendered":"http:\/\/pubweb.carnet.hr\/suoznhb\/?p=363"},"modified":"2019-11-20T18:55:19","modified_gmt":"2019-11-20T18:55:19","slug":"vukovar-i-skabrnja-u-zagrebu-28-godina-poslije","status":"publish","type":"post","link":"https:\/\/pubweb.carnet.hr\/suoznhb\/2019\/11\/20\/vukovar-i-skabrnja-u-zagrebu-28-godina-poslije\/","title":{"rendered":"Izlo\u017eba Vukovar i \u0160kabrnja u Zagrebu &#8211; 28 godina poslije"},"content":{"rendered":"<p>Izlo\u017eba \u201eVukovar i \u0160kabrnja\u00a0 u Zagrebu \u2013 28 godina poslije\u201c je tre\u0107a po redu koju organiziraju udruga \u201eVukovarske majke\u201c, SUOZNHB, udruga \u201eHrvatski Feniks\u201c, UDPNHBDR i Klub veterana 148. brigade HV-a kroz projekt udruge \u201eVukovarske majke\u201c koji financira Grad Zagreb.<\/p>\n<p>Obzirom da je 18. studeni dan kada su 1991. godine najve\u0107a stradanja i okupacije do\u017eivjeli Vukovar i \u0160kabrnja cilj projekta je povezati ova stradanja u Gradu Zagrebu u kojem su mnogi mje\u0161tani Vukovara i \u0160kabrnje pronalazili uto\u010di\u0161te u doba progonstva i u kojem su se mnogi trajno nastanili, te vode\u0107i se \u010dinjenicom kako su mnogi zagreba\u010dki dragovoljci poginuli\/nestali u obrani Domovine. Izlo\u017ebom \u017eelimo potaknuti gra\u0111ane Zagreba na odavanje pijeteta \u017ertvama i ja\u010danje svijesti o potrebi prisje\u0107anja na pro\u0161lost na kojoj po\u010divaju sada\u0161njost i budu\u0107nost hrvatskog naroda.<\/p>\n<p>Izlo\u017ebu je auli gradske uprave, simboli\u010dnim paljenjem lampiona, otvorio zagreba\u010dki gradona\u010delnik Milan Bandi\u0107, u dru\u0161tvu Lidije Jantol, k\u0107eri poginulog vukovarskog branitelja.<\/p>\n\n<p>&nbsp;<\/p>\n","protected":false},"excerpt":{"rendered":"<p>Izlo\u017eba \u201eVukovar i \u0160kabrnja\u00a0 u Zagrebu \u2013 28 godina poslije\u201c je tre\u0107a po redu koju organiziraju udruga \u201eVukovarske majke\u201c, SUOZNHB, udruga \u201eHrvatski Feniks\u201c, UDPNHBDR i Klub veterana 148. brigade HV-a kroz projekt udruge \u201eVukovarske majke\u201c koji financira Grad Zagreb. Obzirom da je 18. studeni dan kada su 1991. godine najve\u0107a stradanja i okupacije do\u017eivjeli Vukovar &hellip; <a href=\"https:\/\/pubweb.carnet.hr\/suoznhb\/2019\/11\/20\/vukovar-i-skabrnja-u-zagrebu-28-godina-poslije\/\" class=\"more-link\">Nastavi \u010ditati <span class=\"screen-reader-text\">Izlo\u017eba Vukovar i \u0160kabrnja u Zagrebu &#8211; 28 godina poslije<\/span> <span class=\"meta-nav\">&rarr;<\/span><\/a><\/p>\n","protected":false},"author":89,"featured_media":0,"comment_status":"closed","ping_status":"closed","sticky":false,"template":"","format":"gallery","meta":{"footnotes":""},"categories":[1],"tags":[],"class_list":["post-363","post","type-post","status-publish","format-gallery","hentry","category-nekategorizirano","post_format-post-format-gallery"],"_links":{"self":[{"href":"https:\/\/pubweb.carnet.hr\/suoznhb\/wp-json\/wp\/v2\/posts\/363","targetHints":{"allow":["GET"]}}],"collection":[{"href":"https:\/\/pubweb.carnet.hr\/suoznhb\/wp-json\/wp\/v2\/posts"}],"about":[{"href":"https:\/\/pubweb.carnet.hr\/suoznhb\/wp-json\/wp\/v2\/types\/post"}],"author":[{"embeddable":true,"href":"https:\/\/pubweb.carnet.hr\/suoznhb\/wp-json\/wp\/v2\/users\/89"}],"replies":[{"embeddable":true,"href":"https:\/\/pubweb.carnet.hr\/suoznhb\/wp-json\/wp\/v2\/comments?post=363"}],"version-history":[{"count":3,"href":"https:\/\/pubweb.carnet.hr\/suoznhb\/wp-json\/wp\/v2\/posts\/363\/revisions"}],"predecessor-version":[{"id":407,"href":"https:\/\/pubweb.carnet.hr\/suoznhb\/wp-json\/wp\/v2\/posts\/363\/revisions\/407"}],"wp:attachment":[{"href":"https:\/\/pubweb.carnet.hr\/suoznhb\/wp-json\/wp\/v2\/media?parent=363"}],"wp:term":[{"taxonomy":"category","embeddable":true,"href":"https:\/\/pubweb.carnet.hr\/suoznhb\/wp-json\/wp\/v2\/categories?post=363"},{"taxonomy":"post_tag","embeddable":true,"href":"https:\/\/pubweb.carnet.hr\/suoznhb\/wp-json\/wp\/v2\/tags?post=363"}],"curies":[{"name":"wp","href":"https:\/\/api.w.org\/{rel}","templated":true}]}}