{"id":2679,"date":"2021-09-24T23:25:05","date_gmt":"2021-09-24T23:25:05","guid":{"rendered":"http:\/\/pubweb.carnet.hr\/ssszgzup\/?p=2679"},"modified":"2021-09-26T19:01:22","modified_gmt":"2021-09-26T19:01:22","slug":"zupanijsko-natjecanje-u-krosu-za-osnovne-skole-3","status":"publish","type":"post","link":"https:\/\/pubweb.carnet.hr\/ssszgzup\/2021\/09\/24\/zupanijsko-natjecanje-u-krosu-za-osnovne-skole-3\/","title":{"rendered":"\u017dUPANIJSKO NATJECANJE U KROSU ZA OSNOVNE \u0160KOLE"},"content":{"rendered":"<p>Osnovna \u0161kola Bedenica, bila je 23. rujna 2021., \u0161kola doma\u0107in \u017eupanijskog natjecanja u krosu.<br \/>\nPo prekrasnom sun\u010danom vremenu i odli\u010dnoj te kvalitetnoj organizaciji, sudjelovalo je 223 u\u010denica i u\u010denika iz 20 osnovnih \u0161kola.<br \/>\n<a href=\"https:\/\/drive.google.com\/file\/d\/1BLt9fOnQZOnQ8BLsOLA0RuCT0_DTLteI\/view?usp=sharing\">U prilozima su rezultati natjecanja.<\/a>  To je prvo natjecanje nakon skoro dvije godine, nadamo se da \u0107e se nastaviti \u2026.<\/p>\n<p><img decoding=\"async\" src=\"https:\/\/uc8b55984e7df73115aa86ef2b25.previews.dropboxusercontent.com\/p\/thumb\/ABTvqujQp_l8zMZ8hLFC5iQbOaCdVR7_giCJckFOgq-Eh4lixGohFvj-jqchQQgGmizt-18BwfAekE_VnMy6M-VVT1JRRbQn2AkJHfn2nqGhEKG0gm48U32H-MUcsYfV0sczpRRxb2Q2T9FcJIjCyrpI5b9mQgYOoVaJLqpjHbDiRlfbeMksL0EoKqEmkAdjLJiehQlGx2eIbwtKw-BwOGWULO8G4mmYzQXeGBmP3PhhdR09NkM5vPLexVWogENiz0ouYKttMyEkAXNk8KSdwsI2NCpjKN5Nsgxse1q9VQZOOXjJxmzhtOIV5HcbtYqA2v9nhurd5R4ST9bHAgSwUu8tipTnbrS50Ra3SAHS5IkzG0bnoLDY3VmmE8dKK5uh4wPMd94PH_kPxGTwX-SbjNwnQm5iUcuZ9giRp1uJ0SA6aiWWcFjs5hqK-daAKzAEgM_1eg_14FY6M2BfvCpKITfiysFxfgM8i00rvhfm2gRd6Q\/p.jpeg?fv_content=true&amp;size_mode=5\" alt=\"\" \/><\/p>\n<p><a href=\"https:\/\/www.dropbox.com\/sh\/xoelobqbig3kydq\/AABYPkhbg1Z233xoO7ahNbZBa?dl=0\">Vi\u0161e fotografija&#8230;  <\/a>         <\/p>\n<p><a href=\"https:\/\/www.dropbox.com\/s\/zle4jjiun4oxqp6\/IVAN%C4%8CICA.mp4?dl=0\">Video izjava predsjednice Ivan\u010dice Valek <\/a><\/p>\n","protected":false},"excerpt":{"rendered":"<p>Osnovna \u0161kola Bedenica, bila je 23. rujna 2021., \u0161kola doma\u0107in \u017eupanijskog natjecanja u krosu. Po prekrasnom sun\u010danom vremenu i odli\u010dnoj te kvalitetnoj organizaciji, sudjelovalo je 223 u\u010denica i u\u010denika iz 20 osnovnih \u0161kola. U prilozima su rezultati natjecanja. To je prvo natjecanje nakon skoro dvije godine, nadamo se da \u0107e se nastaviti \u2026. Vi\u0161e fotografija&#8230; [&hellip;]<\/p>\n","protected":false},"author":570,"featured_media":0,"comment_status":"closed","ping_status":"closed","sticky":false,"template":"","format":"standard","meta":{"footnotes":""},"categories":[1],"tags":[],"class_list":["post-2679","post","type-post","status-publish","format-standard","hentry","category-nekategorizirano"],"_links":{"self":[{"href":"https:\/\/pubweb.carnet.hr\/ssszgzup\/wp-json\/wp\/v2\/posts\/2679","targetHints":{"allow":["GET"]}}],"collection":[{"href":"https:\/\/pubweb.carnet.hr\/ssszgzup\/wp-json\/wp\/v2\/posts"}],"about":[{"href":"https:\/\/pubweb.carnet.hr\/ssszgzup\/wp-json\/wp\/v2\/types\/post"}],"author":[{"embeddable":true,"href":"https:\/\/pubweb.carnet.hr\/ssszgzup\/wp-json\/wp\/v2\/users\/570"}],"replies":[{"embeddable":true,"href":"https:\/\/pubweb.carnet.hr\/ssszgzup\/wp-json\/wp\/v2\/comments?post=2679"}],"version-history":[{"count":3,"href":"https:\/\/pubweb.carnet.hr\/ssszgzup\/wp-json\/wp\/v2\/posts\/2679\/revisions"}],"predecessor-version":[{"id":2683,"href":"https:\/\/pubweb.carnet.hr\/ssszgzup\/wp-json\/wp\/v2\/posts\/2679\/revisions\/2683"}],"wp:attachment":[{"href":"https:\/\/pubweb.carnet.hr\/ssszgzup\/wp-json\/wp\/v2\/media?parent=2679"}],"wp:term":[{"taxonomy":"category","embeddable":true,"href":"https:\/\/pubweb.carnet.hr\/ssszgzup\/wp-json\/wp\/v2\/categories?post=2679"},{"taxonomy":"post_tag","embeddable":true,"href":"https:\/\/pubweb.carnet.hr\/ssszgzup\/wp-json\/wp\/v2\/tags?post=2679"}],"curies":[{"name":"wp","href":"https:\/\/api.w.org\/{rel}","templated":true}]}}