{"id":2520,"date":"2020-09-28T15:40:05","date_gmt":"2020-09-28T15:40:05","guid":{"rendered":"http:\/\/pubweb.carnet.hr\/ssszgzup\/?p=2520"},"modified":"2020-09-28T15:41:54","modified_gmt":"2020-09-28T15:41:54","slug":"europski-tjedan-sporta","status":"publish","type":"post","link":"https:\/\/pubweb.carnet.hr\/ssszgzup\/2020\/09\/28\/europski-tjedan-sporta\/","title":{"rendered":""},"content":{"rendered":"<h2>Europski tjedan sporta, Jarun- 25. 09.2020.<\/h2>\n<p>Europski tjedan sporta inicijativa je Europske komisije za promicanje sporta i tjelesne aktivnosti diljem Europe koja je za\u017eivjela prije \u010detiri godine. Glavna tema kampanje &#8216;Tjedna sporta&#8217; i dalje je \u201e#BeActive\u201c s ciljem poticanja javnosti na tjelesnu aktivnost i to ne samo u tom tjednu ve\u0107 i tijekom cijele godine.<br \/>\n<a href=\"http:\/\/pubweb.carnet.hr\/ssszgzup\/wp-content\/uploads\/sites\/483\/2020\/09\/IMG_8175-2.jpg\"><img loading=\"lazy\" decoding=\"async\" src=\"http:\/\/pubweb.carnet.hr\/ssszgzup\/wp-content\/uploads\/sites\/483\/2020\/09\/IMG_8175-2-1024x741.jpg\" alt=\"\" width=\"625\" height=\"452\" class=\"alignleft size-large wp-image-2523\" srcset=\"https:\/\/pubweb.carnet.hr\/ssszgzup\/wp-content\/uploads\/sites\/483\/2020\/09\/IMG_8175-2-1024x741.jpg 1024w, https:\/\/pubweb.carnet.hr\/ssszgzup\/wp-content\/uploads\/sites\/483\/2020\/09\/IMG_8175-2-300x217.jpg 300w, https:\/\/pubweb.carnet.hr\/ssszgzup\/wp-content\/uploads\/sites\/483\/2020\/09\/IMG_8175-2-768x556.jpg 768w, https:\/\/pubweb.carnet.hr\/ssszgzup\/wp-content\/uploads\/sites\/483\/2020\/09\/IMG_8175-2-624x452.jpg 624w, https:\/\/pubweb.carnet.hr\/ssszgzup\/wp-content\/uploads\/sites\/483\/2020\/09\/IMG_8175-2.jpg 2048w\" sizes=\"auto, (max-width: 625px) 100vw, 625px\" \/><\/a><br \/>\nKako i sami provoditelji ka\u017eu, lokalnim inicijativama &#8216;Tjedan sporta&#8217; nastoji potaknuti Europljane da redovito budu aktivni (#BeActive) te im nadasve osvijestiti vi\u0161estruku dobrobit vje\u017ebanja u svakodnevnom \u017eivotu. Nadalje, naglasak je stavljen na edukaciju (u\u010denje), propagiranje zdrave prehrane i zdravog na\u010dina \u017eivota, sprje\u010davanje ovisnosti, antisocijalnog pona\u0161anja, maloljetni\u010dkog kriminala, rasizma, huliganizma, ekstremizma ili bilo kakvog drugog oblika dru\u0161tveno neprihvatljivog pona\u0161anja \u2013 fair play.<\/p>\n<p><a href=\"http:\/\/pubweb.carnet.hr\/ssszgzup\/wp-content\/uploads\/sites\/483\/2020\/09\/IMG_8145a.jpg\"><img loading=\"lazy\" decoding=\"async\" src=\"http:\/\/pubweb.carnet.hr\/ssszgzup\/wp-content\/uploads\/sites\/483\/2020\/09\/IMG_8145a-1024x683.jpg\" alt=\"\" width=\"625\" height=\"417\" class=\"alignleft size-large wp-image-2524\" srcset=\"https:\/\/pubweb.carnet.hr\/ssszgzup\/wp-content\/uploads\/sites\/483\/2020\/09\/IMG_8145a-1024x683.jpg 1024w, https:\/\/pubweb.carnet.hr\/ssszgzup\/wp-content\/uploads\/sites\/483\/2020\/09\/IMG_8145a-300x200.jpg 300w, https:\/\/pubweb.carnet.hr\/ssszgzup\/wp-content\/uploads\/sites\/483\/2020\/09\/IMG_8145a-768x512.jpg 768w, https:\/\/pubweb.carnet.hr\/ssszgzup\/wp-content\/uploads\/sites\/483\/2020\/09\/IMG_8145a-624x416.jpg 624w, https:\/\/pubweb.carnet.hr\/ssszgzup\/wp-content\/uploads\/sites\/483\/2020\/09\/IMG_8145a.jpg 2048w\" sizes=\"auto, (max-width: 625px) 100vw, 625px\" \/><\/a><\/p>\n<p>Pripremio: Damir Me\u0111eri<\/p>\n<p><strong><a href=\"https:\/\/www.dropbox.com\/sh\/59zvd75510w7orm\/AAC07Az3QyBmWvukZh5-rlE7a?dl=0\">vi\u0161e fotografija&#8230; <\/a><\/strong><\/p>\n","protected":false},"excerpt":{"rendered":"<p>Europski tjedan sporta, Jarun- 25. 09.2020. Europski tjedan sporta inicijativa je Europske komisije za promicanje sporta i tjelesne aktivnosti diljem Europe koja je za\u017eivjela prije \u010detiri godine. Glavna tema kampanje &#8216;Tjedna sporta&#8217; i dalje je \u201e#BeActive\u201c s ciljem poticanja javnosti na tjelesnu aktivnost i to ne samo u tom tjednu ve\u0107 i tijekom cijele godine. [&hellip;]<\/p>\n","protected":false},"author":570,"featured_media":0,"comment_status":"closed","ping_status":"closed","sticky":false,"template":"","format":"standard","meta":{"footnotes":""},"categories":[1],"tags":[],"class_list":["post-2520","post","type-post","status-publish","format-standard","hentry","category-nekategorizirano"],"_links":{"self":[{"href":"https:\/\/pubweb.carnet.hr\/ssszgzup\/wp-json\/wp\/v2\/posts\/2520","targetHints":{"allow":["GET"]}}],"collection":[{"href":"https:\/\/pubweb.carnet.hr\/ssszgzup\/wp-json\/wp\/v2\/posts"}],"about":[{"href":"https:\/\/pubweb.carnet.hr\/ssszgzup\/wp-json\/wp\/v2\/types\/post"}],"author":[{"embeddable":true,"href":"https:\/\/pubweb.carnet.hr\/ssszgzup\/wp-json\/wp\/v2\/users\/570"}],"replies":[{"embeddable":true,"href":"https:\/\/pubweb.carnet.hr\/ssszgzup\/wp-json\/wp\/v2\/comments?post=2520"}],"version-history":[{"count":2,"href":"https:\/\/pubweb.carnet.hr\/ssszgzup\/wp-json\/wp\/v2\/posts\/2520\/revisions"}],"predecessor-version":[{"id":2528,"href":"https:\/\/pubweb.carnet.hr\/ssszgzup\/wp-json\/wp\/v2\/posts\/2520\/revisions\/2528"}],"wp:attachment":[{"href":"https:\/\/pubweb.carnet.hr\/ssszgzup\/wp-json\/wp\/v2\/media?parent=2520"}],"wp:term":[{"taxonomy":"category","embeddable":true,"href":"https:\/\/pubweb.carnet.hr\/ssszgzup\/wp-json\/wp\/v2\/categories?post=2520"},{"taxonomy":"post_tag","embeddable":true,"href":"https:\/\/pubweb.carnet.hr\/ssszgzup\/wp-json\/wp\/v2\/tags?post=2520"}],"curies":[{"name":"wp","href":"https:\/\/api.w.org\/{rel}","templated":true}]}}