{"id":2465,"date":"2020-06-10T14:17:37","date_gmt":"2020-06-10T14:17:37","guid":{"rendered":"http:\/\/pubweb.carnet.hr\/ssszgzup\/?p=2465"},"modified":"2020-06-10T17:09:38","modified_gmt":"2020-06-10T17:09:38","slug":"obavijest-licence","status":"publish","type":"post","link":"https:\/\/pubweb.carnet.hr\/ssszgzup\/2020\/06\/10\/obavijest-licence\/","title":{"rendered":"Obavijest &#8211; licence"},"content":{"rendered":"<br \/>\n<h1 align=\"center\">  OBAVIJEST<\/h1>\n<h2 align=\"center\"> svim kolegicama i kolegama koji su prisustvovali seminaru alpskog           skijanja u organizaciji \u017d\u0160\u0160S-a <\/h2>\n<p>Drage kolegice i kolege, podsje\u0107amo Vas da ste prisustvovanjem seminaru alpskog skijanja stekli pravo za IVSS licencu . Ono \u0161to je bitno:  kako bi se ona aktivirala potrebno je da svaki od vas koji smatra  da \u0107e mu licenca trebati u radu s djecom odradi nekoliko koraka SAMOSTALNO jer taj dio ne mo\u017ee Savez.<br \/>\nOtvorite stranicu HZUTS-Hrvatski zbor u\u010ditelja i trenera skijanja i tamo \u0107ete na\u0107i ikonu-u\u010dlanite se! Ona vas vodi i samo slijedite korake koje morate u\u010diniti kako bi Vi imali aktivnu IVSS licencu.<br \/>\nNakon dugogodi\u0161njih zahtjeva kolega da se ovo omogu\u0107i, Savez je svoj dio odradio a dalje je na Vama!<br \/>\nU dogovoru s gospodinom Dagom Modri\u0107em termin do kada mo\u017eete aktivirati svoju licencu malo smo produ\u017eili pa je to :<strong> 15.srpanj 2020.<\/strong><br \/>\nU prilogu ove obavijesti nalazi se i popis onih kolega koji mogu aktivirati licencu.<br \/>\nSportski pozdrav!<\/p>\n<p>Tajnica \u017d\u0160\u0160S-a:       &nbsp;&nbsp;&nbsp;&nbsp;&nbsp;&nbsp;&nbsp;&nbsp;&nbsp;&nbsp;  &nbsp;&nbsp;&nbsp;&nbsp;&nbsp;&nbsp;&nbsp;&nbsp;&nbsp;  &nbsp;&nbsp;&nbsp;&nbsp;&nbsp;&nbsp;&nbsp;&nbsp;&nbsp;   &nbsp;&nbsp;&nbsp;&nbsp;&nbsp;&nbsp;&nbsp;&nbsp;&nbsp;&nbsp;&nbsp;  &nbsp;  Predsjednica \u017d\u0160\u0160S-a:<br \/>\nMaja Ra\u0111enovi\u0107-Fijan   &nbsp;&nbsp;&nbsp;&nbsp;&nbsp;&nbsp;&nbsp;&nbsp;&nbsp;&nbsp; &nbsp;&nbsp;&nbsp;&nbsp;&nbsp;&nbsp;&nbsp;&nbsp;&nbsp;&nbsp; &nbsp;&nbsp;&nbsp;&nbsp;&nbsp;&nbsp;&nbsp;&nbsp;&nbsp;&nbsp;&nbsp;&nbsp;                                            Ivan\u010dica Valek  <\/p>\n<p><a href=\"https:\/\/drive.google.com\/file\/d\/15MNRJWYN1CXHwr_fCNzosRFDMW99aTlG\/view?usp=sharing\">Krvavec -popis<\/a><\/p>\n","protected":false},"excerpt":{"rendered":"<p>OBAVIJEST svim kolegicama i kolegama koji su prisustvovali seminaru alpskog skijanja u organizaciji \u017d\u0160\u0160S-a Drage kolegice i kolege, podsje\u0107amo Vas da ste prisustvovanjem seminaru alpskog skijanja stekli pravo za IVSS licencu . Ono \u0161to je bitno: kako bi se ona aktivirala potrebno je da svaki od vas koji smatra da \u0107e mu licenca trebati u [&hellip;]<\/p>\n","protected":false},"author":570,"featured_media":0,"comment_status":"closed","ping_status":"closed","sticky":false,"template":"","format":"standard","meta":{"footnotes":""},"categories":[1],"tags":[],"class_list":["post-2465","post","type-post","status-publish","format-standard","hentry","category-nekategorizirano"],"_links":{"self":[{"href":"https:\/\/pubweb.carnet.hr\/ssszgzup\/wp-json\/wp\/v2\/posts\/2465","targetHints":{"allow":["GET"]}}],"collection":[{"href":"https:\/\/pubweb.carnet.hr\/ssszgzup\/wp-json\/wp\/v2\/posts"}],"about":[{"href":"https:\/\/pubweb.carnet.hr\/ssszgzup\/wp-json\/wp\/v2\/types\/post"}],"author":[{"embeddable":true,"href":"https:\/\/pubweb.carnet.hr\/ssszgzup\/wp-json\/wp\/v2\/users\/570"}],"replies":[{"embeddable":true,"href":"https:\/\/pubweb.carnet.hr\/ssszgzup\/wp-json\/wp\/v2\/comments?post=2465"}],"version-history":[{"count":2,"href":"https:\/\/pubweb.carnet.hr\/ssszgzup\/wp-json\/wp\/v2\/posts\/2465\/revisions"}],"predecessor-version":[{"id":2470,"href":"https:\/\/pubweb.carnet.hr\/ssszgzup\/wp-json\/wp\/v2\/posts\/2465\/revisions\/2470"}],"wp:attachment":[{"href":"https:\/\/pubweb.carnet.hr\/ssszgzup\/wp-json\/wp\/v2\/media?parent=2465"}],"wp:term":[{"taxonomy":"category","embeddable":true,"href":"https:\/\/pubweb.carnet.hr\/ssszgzup\/wp-json\/wp\/v2\/categories?post=2465"},{"taxonomy":"post_tag","embeddable":true,"href":"https:\/\/pubweb.carnet.hr\/ssszgzup\/wp-json\/wp\/v2\/tags?post=2465"}],"curies":[{"name":"wp","href":"https:\/\/api.w.org\/{rel}","templated":true}]}}