{"id":2107,"date":"2019-04-24T06:07:02","date_gmt":"2019-04-24T06:07:02","guid":{"rendered":"http:\/\/pubweb.carnet.hr\/ssszgzup\/?p=2107"},"modified":"2019-04-24T06:08:11","modified_gmt":"2019-04-24T06:08:11","slug":"dopuna-rezultata-s-erste-plave-lige","status":"publish","type":"post","link":"https:\/\/pubweb.carnet.hr\/ssszgzup\/2019\/04\/24\/dopuna-rezultata-s-erste-plave-lige\/","title":{"rendered":"Dopuna rezultata s Erste plave lige"},"content":{"rendered":"<p>       Na stranicama Erste plave lige objavljeni su kona\u010dni slu\u017ebeni rezultati i, zbog pogre\u0161ke kod evidencije rezultata, u tr\u010danju na 600 metara dje\u010daci 6. razred dobili smo jo\u0161 jednog finalistu. To je Matija Lukina, u\u010denik 6f razreda koji je u svojoj skupini bio prvi, a nakon provjere rezultata ispostavilo se da je u kona\u010dnom poretku zauzeo 2.mjesto i na taj na\u010din se plasirao u finale Erste plave lige koje \u0107e se odr\u017eati 3.rujna u Zagrebu. Organizator natjecanja se ispri\u010dao zbog pogre\u0161ke, a Matija \u0107e svoju medalju dobiti naknadno. Me\u0111utim, tu nije kraj dobrim vijestima. Naime, ve\u0107 drugu godinu za redom O\u0160 \u201eLjubo babi\u0107\u201c progla\u0161ena je <strong>najuspje\u0161nijom \u0161kolom natjecanja<\/strong>.<br \/>\n\u201eNajuspje\u0161nijom \u0161kolom progla\u0161ena je O\u0160  Ljube Babi\u0107a, koja je nastupila s jednakim brojem natjecatelja (37) kao i O\u0160 Antuna Gustava Mato\u0161a, ali je osvojila vi\u0161e odli\u010dja.\u201c \u2013 objavljeno je na stranici <a href=\"https:\/\/www.ersteplavaliga.com\/zagreb-2019-rezultati\/\">Erste plave lige na kojoj ujedno mo\u017eete pogledati sve rezultate s natjecanja<\/a>.<br \/>\nJo\u0161 jednom velike \u010destitke svim natjecateljima!!!<\/p>\n","protected":false},"excerpt":{"rendered":"<p>Na stranicama Erste plave lige objavljeni su kona\u010dni slu\u017ebeni rezultati i, zbog pogre\u0161ke kod evidencije rezultata, u tr\u010danju na 600 metara dje\u010daci 6. razred dobili smo jo\u0161 jednog finalistu. To je Matija Lukina, u\u010denik 6f razreda koji je u svojoj skupini bio prvi, a nakon provjere rezultata ispostavilo se da je u kona\u010dnom poretku zauzeo [&hellip;]<\/p>\n","protected":false},"author":570,"featured_media":0,"comment_status":"closed","ping_status":"closed","sticky":false,"template":"","format":"standard","meta":{"footnotes":""},"categories":[1],"tags":[],"class_list":["post-2107","post","type-post","status-publish","format-standard","hentry","category-nekategorizirano"],"_links":{"self":[{"href":"https:\/\/pubweb.carnet.hr\/ssszgzup\/wp-json\/wp\/v2\/posts\/2107","targetHints":{"allow":["GET"]}}],"collection":[{"href":"https:\/\/pubweb.carnet.hr\/ssszgzup\/wp-json\/wp\/v2\/posts"}],"about":[{"href":"https:\/\/pubweb.carnet.hr\/ssszgzup\/wp-json\/wp\/v2\/types\/post"}],"author":[{"embeddable":true,"href":"https:\/\/pubweb.carnet.hr\/ssszgzup\/wp-json\/wp\/v2\/users\/570"}],"replies":[{"embeddable":true,"href":"https:\/\/pubweb.carnet.hr\/ssszgzup\/wp-json\/wp\/v2\/comments?post=2107"}],"version-history":[{"count":2,"href":"https:\/\/pubweb.carnet.hr\/ssszgzup\/wp-json\/wp\/v2\/posts\/2107\/revisions"}],"predecessor-version":[{"id":2109,"href":"https:\/\/pubweb.carnet.hr\/ssszgzup\/wp-json\/wp\/v2\/posts\/2107\/revisions\/2109"}],"wp:attachment":[{"href":"https:\/\/pubweb.carnet.hr\/ssszgzup\/wp-json\/wp\/v2\/media?parent=2107"}],"wp:term":[{"taxonomy":"category","embeddable":true,"href":"https:\/\/pubweb.carnet.hr\/ssszgzup\/wp-json\/wp\/v2\/categories?post=2107"},{"taxonomy":"post_tag","embeddable":true,"href":"https:\/\/pubweb.carnet.hr\/ssszgzup\/wp-json\/wp\/v2\/tags?post=2107"}],"curies":[{"name":"wp","href":"https:\/\/api.w.org\/{rel}","templated":true}]}}