{"id":2081,"date":"2019-04-17T19:14:35","date_gmt":"2019-04-17T19:14:35","guid":{"rendered":"http:\/\/pubweb.carnet.hr\/ssszgzup\/?p=2081"},"modified":"2019-04-17T19:18:55","modified_gmt":"2019-04-17T19:18:55","slug":"atleticari-se-s-erste-plave-lige-opet-vratili-s-puno-medalja","status":"publish","type":"post","link":"https:\/\/pubweb.carnet.hr\/ssszgzup\/2019\/04\/17\/atleticari-se-s-erste-plave-lige-opet-vratili-s-puno-medalja\/","title":{"rendered":"Atleti\u010dari se s Erste plave lige opet vratili s puno medalja"},"content":{"rendered":"<p>      &nbsp;&nbsp;&nbsp;&nbsp;&nbsp;&nbsp;&nbsp;    &nbsp;&nbsp;&nbsp;&nbsp;&nbsp;&nbsp;&nbsp;&nbsp;&nbsp;&nbsp;  Na kvalifikacijskom natjecanju Erste Plave lige koje je odr\u017eano 16.04.2019. na stadionu Mladosti u Zagrebu, ponovo su nastupili i mladi atleti\u010dari i atleti\u010darke iz O\u0160 \u201eLjubo Babi\u0107\u201c iz Jastrebarskog. Na natjecanju je nastupilo 40-tak djevoj\u010dica i dje\u010daka od 3.-6. razreda koji su se natjecali u utrkama na 60, 300 i 600 metara, u skoku u dalj i vis te bacanju kugle i vortexa. Dvoje najboljih natjecatelja u svakoj disciplini i kategoriji plasiralo se <strong>u finale Erste Plave lige koje \u0107e se odr\u017eati 3. rujna 2019. u sklopu Han\u017eekovi\u0107evog memorijala<\/strong>.<br \/>\n      &nbsp;&nbsp;&nbsp;&nbsp;&nbsp;&nbsp;&nbsp; &nbsp;&nbsp;&nbsp;&nbsp;&nbsp;&nbsp;&nbsp;&nbsp;&nbsp;&nbsp; <strong>Finalisti<\/strong> koji \u0107e predstavljati Jaskansku \u0161kolu su:<br \/>\n1. Lukas Mag\u0111inski, 6.r &#8211; 1.mjesto tr\u010danje na 60m<br \/>\n                          &nbsp;&nbsp;&nbsp;&nbsp;&nbsp;&nbsp;&nbsp;&nbsp;&nbsp;&nbsp;   &nbsp;&nbsp;&nbsp;&nbsp;&nbsp;&nbsp;&nbsp;&nbsp;&nbsp;&nbsp;      &nbsp;&nbsp;&nbsp;&nbsp;&nbsp;&nbsp;&nbsp;&nbsp;&nbsp;&nbsp; &#8211; 2.mjesto skok u dalj<br \/>\n2. Rok Bla\u017eek, 6.r &#8211; 2.mjesto bacanje kugle<br \/>\n3. Eva Budin\u0161\u0107ak, 6.r \u2013 2.mjesto tr\u010danje 60m<br \/>\n4. Laura Janu\u0161i\u0107, 6.r \u2013 2.mjesto bacanje kugle<br \/>\n5. Lucija Vu\u010dini\u0107, 3.r \u2013 2.mjesto tr\u010danje 60m<br \/>\n<div id=\"metaslider-id-2083\" style=\"max-width: 450px;\" class=\"ml-slider-3-105-0 metaslider metaslider-flex metaslider-2083 ml-slider has-dots-nav ms-theme-default\" role=\"region\" aria-label=\"Erste plava liga\" data-height=\"400\" data-width=\"450\">\n    <div id=\"metaslider_container_2083\">\n        <div id=\"metaslider_2083\">\n            <ul class='slides'>\n                <li style=\"display: block; width: 100%;\" class=\"slide-2093 ms-image \" aria-roledescription=\"slide\" data-date=\"2019-04-17 19:16:03\" data-filename=\"IMG-e21858bce9fa0c966a9395259cd5786c-V-450x400.jpg\" data-slide-type=\"image\"><img loading=\"lazy\" decoding=\"async\" src=\"https:\/\/pubweb.carnet.hr\/ssszgzup\/wp-content\/uploads\/sites\/483\/2019\/04\/IMG-e21858bce9fa0c966a9395259cd5786c-V-450x400.jpg\" height=\"400\" width=\"450\" alt=\"\" class=\"slider-2083 slide-2093 msDefaultImage\" title=\"IMG-e21858bce9fa0c966a9395259cd5786c-V\" \/><\/li>\n                <li style=\"display: none; width: 100%;\" class=\"slide-2094 ms-image \" aria-roledescription=\"slide\" data-date=\"2019-04-17 19:16:07\" data-filename=\"IMG-c5d369291d5533a50555ac18c2b331ff-V-450x400.jpg\" data-slide-type=\"image\"><img loading=\"lazy\" decoding=\"async\" src=\"https:\/\/pubweb.carnet.hr\/ssszgzup\/wp-content\/uploads\/sites\/483\/2019\/04\/IMG-c5d369291d5533a50555ac18c2b331ff-V-450x400.jpg\" height=\"400\" width=\"450\" alt=\"\" class=\"slider-2083 slide-2094 msDefaultImage\" title=\"IMG-c5d369291d5533a50555ac18c2b331ff-V\" \/><\/li>\n                <li style=\"display: none; width: 100%;\" class=\"slide-2095 ms-image \" aria-roledescription=\"slide\" data-date=\"2019-04-17 19:16:10\" data-filename=\"IMG-be90a1d7dfee9efbf33173ebb93b7779-V-450x400.jpg\" data-slide-type=\"image\"><img loading=\"lazy\" decoding=\"async\" src=\"https:\/\/pubweb.carnet.hr\/ssszgzup\/wp-content\/uploads\/sites\/483\/2019\/04\/IMG-be90a1d7dfee9efbf33173ebb93b7779-V-450x400.jpg\" height=\"400\" width=\"450\" alt=\"\" class=\"slider-2083 slide-2095 msDefaultImage\" title=\"IMG-be90a1d7dfee9efbf33173ebb93b7779-V\" \/><\/li>\n                <li style=\"display: none; width: 100%;\" class=\"slide-2096 ms-image \" aria-roledescription=\"slide\" data-date=\"2019-04-17 19:16:16\" data-filename=\"IMG-a3eb1ce3a0e923a73139707e83612f38-V-450x400.jpg\" data-slide-type=\"image\"><img loading=\"lazy\" decoding=\"async\" src=\"https:\/\/pubweb.carnet.hr\/ssszgzup\/wp-content\/uploads\/sites\/483\/2019\/04\/IMG-a3eb1ce3a0e923a73139707e83612f38-V-450x400.jpg\" height=\"400\" width=\"450\" alt=\"\" class=\"slider-2083 slide-2096 msDefaultImage\" title=\"IMG-a3eb1ce3a0e923a73139707e83612f38-V\" \/><\/li>\n                <li style=\"display: none; width: 100%;\" class=\"slide-2097 ms-image \" aria-roledescription=\"slide\" data-date=\"2019-04-17 19:16:22\" data-filename=\"IMG-43fc9f91653cbd729c228fd4e8bdbf32-V-450x400.jpg\" data-slide-type=\"image\"><img loading=\"lazy\" decoding=\"async\" src=\"https:\/\/pubweb.carnet.hr\/ssszgzup\/wp-content\/uploads\/sites\/483\/2019\/04\/IMG-43fc9f91653cbd729c228fd4e8bdbf32-V-450x400.jpg\" height=\"400\" width=\"450\" alt=\"\" class=\"slider-2083 slide-2097 msDefaultImage\" title=\"IMG-43fc9f91653cbd729c228fd4e8bdbf32-V\" \/><\/li>\n                <li style=\"display: none; width: 100%;\" class=\"slide-2098 ms-image \" aria-roledescription=\"slide\" data-date=\"2019-04-17 19:16:29\" data-filename=\"IMG-40b03b5318a69d8f067f31da083d4ba7-V-450x400.jpg\" data-slide-type=\"image\"><img loading=\"lazy\" decoding=\"async\" src=\"https:\/\/pubweb.carnet.hr\/ssszgzup\/wp-content\/uploads\/sites\/483\/2019\/04\/IMG-40b03b5318a69d8f067f31da083d4ba7-V-450x400.jpg\" height=\"400\" width=\"450\" alt=\"\" class=\"slider-2083 slide-2098 msDefaultImage\" title=\"IMG-40b03b5318a69d8f067f31da083d4ba7-V\" \/><\/li>\n                <li style=\"display: none; width: 100%;\" class=\"slide-2099 ms-image \" aria-roledescription=\"slide\" data-date=\"2019-04-17 19:16:37\" data-filename=\"IMG-8bba687e34f4a1ca62c6b080f5a4e792-V-450x400.jpg\" data-slide-type=\"image\"><img loading=\"lazy\" decoding=\"async\" src=\"https:\/\/pubweb.carnet.hr\/ssszgzup\/wp-content\/uploads\/sites\/483\/2019\/04\/IMG-8bba687e34f4a1ca62c6b080f5a4e792-V-450x400.jpg\" height=\"400\" width=\"450\" alt=\"\" class=\"slider-2083 slide-2099 msDefaultImage\" title=\"IMG-8bba687e34f4a1ca62c6b080f5a4e792-V\" \/><\/li>\n                <li style=\"display: none; width: 100%;\" class=\"slide-2100 ms-image \" aria-roledescription=\"slide\" data-date=\"2019-04-17 19:16:40\" data-filename=\"IMG-5eb87eed3a6d75b7622d57813d50e666-V-450x400.jpg\" data-slide-type=\"image\"><img loading=\"lazy\" decoding=\"async\" src=\"https:\/\/pubweb.carnet.hr\/ssszgzup\/wp-content\/uploads\/sites\/483\/2019\/04\/IMG-5eb87eed3a6d75b7622d57813d50e666-V-450x400.jpg\" height=\"400\" width=\"450\" alt=\"\" class=\"slider-2083 slide-2100 msDefaultImage\" title=\"IMG-5eb87eed3a6d75b7622d57813d50e666-V\" \/><\/li>\n                <li style=\"display: none; width: 100%;\" class=\"slide-2101 ms-image \" aria-roledescription=\"slide\" data-date=\"2019-04-17 19:16:43\" data-filename=\"IMG-3d9b7496ccfbb404c6b7c303bb799fa0-V-450x400.jpg\" data-slide-type=\"image\"><img loading=\"lazy\" decoding=\"async\" src=\"https:\/\/pubweb.carnet.hr\/ssszgzup\/wp-content\/uploads\/sites\/483\/2019\/04\/IMG-3d9b7496ccfbb404c6b7c303bb799fa0-V-450x400.jpg\" height=\"400\" width=\"450\" alt=\"\" class=\"slider-2083 slide-2101 msDefaultImage\" title=\"IMG-3d9b7496ccfbb404c6b7c303bb799fa0-V\" \/><\/li>\n            <\/ul>\n        <\/div>\n        \n    <\/div>\n<\/div><br \/>\n &nbsp;&nbsp;&nbsp;&nbsp;&nbsp;&nbsp;&nbsp;   &nbsp;&nbsp;&nbsp;&nbsp;&nbsp;&nbsp;&nbsp;&nbsp;&nbsp;&nbsp;  Osim u\u010denika koji su u\u0161li u finale, jo\u0161 troje  u\u010denika je osvojilo tre\u0107e mjesto. Osvaja\u010di <strong>bron\u010danih medalja<\/strong> su:<br \/>\n1. Eva Budin\u0161\u0107ak, 6.r &#8211; 3.mjesto tr\u010danje 60m<br \/>\n2. Patrick Bak\u0161i\u0107 Sljepnjov, 6.r \u2013 3.mjesto skok u vis<br \/>\n3. Gabrijel Stanko, 3.r \u2013 3.mjesto tr\u010danje 60m<\/p>\n<p>       Nakon ovako dobrih rezultata, atleti\u010dari nastavljaju s pripremama za \u017eupanijsko natjecanje u atletici koje \u0107e se odr\u017eati 8. svibnja 2019. u Zagrebu.<br \/>\n\u010cESTITKE SVIMA!!!<br \/>\nVoditeljice prof. Ines Jer\u010dinovi\u0107 i prof. Ines Boha\u010dek <\/p>\n","protected":false},"excerpt":{"rendered":"<p>&nbsp;&nbsp;&nbsp;&nbsp;&nbsp;&nbsp;&nbsp; &nbsp;&nbsp;&nbsp;&nbsp;&nbsp;&nbsp;&nbsp;&nbsp;&nbsp;&nbsp; Na kvalifikacijskom natjecanju Erste Plave lige koje je odr\u017eano 16.04.2019. na stadionu Mladosti u Zagrebu, ponovo su nastupili i mladi atleti\u010dari i atleti\u010darke iz O\u0160 \u201eLjubo Babi\u0107\u201c iz Jastrebarskog. Na natjecanju je nastupilo 40-tak djevoj\u010dica i dje\u010daka od 3.-6. razreda koji su se natjecali u utrkama na 60, 300 i 600 metara, u [&hellip;]<\/p>\n","protected":false},"author":570,"featured_media":0,"comment_status":"closed","ping_status":"closed","sticky":false,"template":"","format":"standard","meta":{"footnotes":""},"categories":[1],"tags":[],"class_list":["post-2081","post","type-post","status-publish","format-standard","hentry","category-nekategorizirano"],"_links":{"self":[{"href":"https:\/\/pubweb.carnet.hr\/ssszgzup\/wp-json\/wp\/v2\/posts\/2081","targetHints":{"allow":["GET"]}}],"collection":[{"href":"https:\/\/pubweb.carnet.hr\/ssszgzup\/wp-json\/wp\/v2\/posts"}],"about":[{"href":"https:\/\/pubweb.carnet.hr\/ssszgzup\/wp-json\/wp\/v2\/types\/post"}],"author":[{"embeddable":true,"href":"https:\/\/pubweb.carnet.hr\/ssszgzup\/wp-json\/wp\/v2\/users\/570"}],"replies":[{"embeddable":true,"href":"https:\/\/pubweb.carnet.hr\/ssszgzup\/wp-json\/wp\/v2\/comments?post=2081"}],"version-history":[{"count":2,"href":"https:\/\/pubweb.carnet.hr\/ssszgzup\/wp-json\/wp\/v2\/posts\/2081\/revisions"}],"predecessor-version":[{"id":2105,"href":"https:\/\/pubweb.carnet.hr\/ssszgzup\/wp-json\/wp\/v2\/posts\/2081\/revisions\/2105"}],"wp:attachment":[{"href":"https:\/\/pubweb.carnet.hr\/ssszgzup\/wp-json\/wp\/v2\/media?parent=2081"}],"wp:term":[{"taxonomy":"category","embeddable":true,"href":"https:\/\/pubweb.carnet.hr\/ssszgzup\/wp-json\/wp\/v2\/categories?post=2081"},{"taxonomy":"post_tag","embeddable":true,"href":"https:\/\/pubweb.carnet.hr\/ssszgzup\/wp-json\/wp\/v2\/tags?post=2081"}],"curies":[{"name":"wp","href":"https:\/\/api.w.org\/{rel}","templated":true}]}}