{"id":1759,"date":"2025-12-31T05:12:34","date_gmt":"2025-12-31T05:12:34","guid":{"rendered":"http:\/\/pubweb.carnet.hr\/kdvz\/?p=1759"},"modified":"2025-12-31T05:12:34","modified_gmt":"2025-12-31T05:12:34","slug":"kontekst-broj-11","status":"publish","type":"post","link":"https:\/\/pubweb.carnet.hr\/kdvz\/2025\/12\/31\/kontekst-broj-11\/","title":{"rendered":"Kontekst broj 11"},"content":{"rendered":"<p><a href=\"http:\/\/pubweb.carnet.hr\/kdvz\/wp-content\/uploads\/sites\/214\/2025\/12\/kontekst-11-full.jpg\"><img loading=\"lazy\" decoding=\"async\" class=\"alignleft size-medium wp-image-1761\" src=\"http:\/\/pubweb.carnet.hr\/kdvz\/wp-content\/uploads\/sites\/214\/2025\/12\/kontekst-11-full-216x300.jpg\" alt=\"\" width=\"216\" height=\"300\" srcset=\"https:\/\/pubweb.carnet.hr\/kdvz\/wp-content\/uploads\/sites\/214\/2025\/12\/kontekst-11-full-216x300.jpg 216w, https:\/\/pubweb.carnet.hr\/kdvz\/wp-content\/uploads\/sites\/214\/2025\/12\/kontekst-11-full.jpg 377w\" sizes=\"auto, (max-width: 216px) 100vw, 216px\" \/><\/a>Po\u0161tovane kolegice i kolege, dragi suradnici i prijatelji Knji\u017eni\u010darskog dru\u0161tva Vara\u017edinske \u017eupanije,<\/p>\n<p>s ponosom Vam predstavljamo 11 broj na\u0161eg \u010dasopisa Kontekst.<\/p>\n<p>Tema ovogodi\u0161njeg Mjeseca hrvatske knjige bila je &#8220;Odabrali knji\u017eni\u010dari&#8221;, a upravo ta ideja: da se knji\u017eni\u010dare itekako pita\u00a0 &#8211; dala je novi polet autorima na\u0161ih \u010dlanaka. Pred vama se nalazi broj na kojem je bilo veliko zadovoljstvo, ali i veliki izazov raditi. Zahvaljujemo svim kolegama koji su sudjelovali na izradi ovog broja, onima koji su se odva\u017eili poslati svoje priloge, ali i onima koji su svojim savjetima i sugestijama pomogli da ovaj broj do\u0111e pred Vas. Nadamo se da \u0107ete u\u017eivati \u010ditaju\u0107i ga, mi smo u\u017eivali u njegovom stvaranju.<\/p>\n<p>\u017delimo Vam uspje\u0161nu i zdravu 2026. godinu!<\/p>\n<p>Kontekst broj 11 dostupan je na poveznici:<\/p>\n<p><a href=\"https:\/\/drive.google.com\/file\/d\/1J1EF871kkH72s8Q9Au9qU4TAA-nMbpK2\/view?usp=drive_link\">POVEZNICA<\/a><\/p>\n","protected":false},"excerpt":{"rendered":"<p>Po\u0161tovane kolegice i kolege, dragi suradnici i prijatelji Knji\u017eni\u010darskog dru\u0161tva Vara\u017edinske \u017eupanije, s ponosom Vam predstavljamo 11 broj na\u0161eg \u010dasopisa Kontekst. Tema ovogodi\u0161njeg Mjeseca hrvatske knjige bila je &#8220;Odabrali knji\u017eni\u010dari&#8221;, a upravo ta ideja: da se knji\u017eni\u010dare itekako pita\u00a0 &#8211; dala je novi polet autorima na\u0161ih \u010dlanaka. Pred vama se nalazi broj na kojem je&#133;<\/p>\n","protected":false},"author":226,"featured_media":1760,"comment_status":"closed","ping_status":"closed","sticky":false,"template":"","format":"standard","meta":{"footnotes":""},"categories":[5],"tags":[],"class_list":["post-1759","post","type-post","status-publish","format-standard","has-post-thumbnail","hentry","category-novosti-i-dogadaji"],"_links":{"self":[{"href":"https:\/\/pubweb.carnet.hr\/kdvz\/wp-json\/wp\/v2\/posts\/1759","targetHints":{"allow":["GET"]}}],"collection":[{"href":"https:\/\/pubweb.carnet.hr\/kdvz\/wp-json\/wp\/v2\/posts"}],"about":[{"href":"https:\/\/pubweb.carnet.hr\/kdvz\/wp-json\/wp\/v2\/types\/post"}],"author":[{"embeddable":true,"href":"https:\/\/pubweb.carnet.hr\/kdvz\/wp-json\/wp\/v2\/users\/226"}],"replies":[{"embeddable":true,"href":"https:\/\/pubweb.carnet.hr\/kdvz\/wp-json\/wp\/v2\/comments?post=1759"}],"version-history":[{"count":1,"href":"https:\/\/pubweb.carnet.hr\/kdvz\/wp-json\/wp\/v2\/posts\/1759\/revisions"}],"predecessor-version":[{"id":1762,"href":"https:\/\/pubweb.carnet.hr\/kdvz\/wp-json\/wp\/v2\/posts\/1759\/revisions\/1762"}],"wp:featuredmedia":[{"embeddable":true,"href":"https:\/\/pubweb.carnet.hr\/kdvz\/wp-json\/wp\/v2\/media\/1760"}],"wp:attachment":[{"href":"https:\/\/pubweb.carnet.hr\/kdvz\/wp-json\/wp\/v2\/media?parent=1759"}],"wp:term":[{"taxonomy":"category","embeddable":true,"href":"https:\/\/pubweb.carnet.hr\/kdvz\/wp-json\/wp\/v2\/categories?post=1759"},{"taxonomy":"post_tag","embeddable":true,"href":"https:\/\/pubweb.carnet.hr\/kdvz\/wp-json\/wp\/v2\/tags?post=1759"}],"curies":[{"name":"wp","href":"https:\/\/api.w.org\/{rel}","templated":true}]}}