{"id":1442,"date":"2022-09-30T10:36:58","date_gmt":"2022-09-30T10:36:58","guid":{"rendered":"http:\/\/pubweb.carnet.hr\/kdvz\/?p=1442"},"modified":"2022-09-30T14:01:10","modified_gmt":"2022-09-30T14:01:10","slug":"kontekst-broj-8","status":"publish","type":"post","link":"https:\/\/pubweb.carnet.hr\/kdvz\/2022\/09\/30\/kontekst-broj-8\/","title":{"rendered":"Kontekst broj 8"},"content":{"rendered":"<p><a href=\"http:\/\/pubweb.carnet.hr\/kdvz\/wp-content\/uploads\/sites\/214\/2022\/09\/kontekst-nasl-8.jpg\"><img loading=\"lazy\" decoding=\"async\" class=\"alignleft size-medium wp-image-1443\" src=\"http:\/\/pubweb.carnet.hr\/kdvz\/wp-content\/uploads\/sites\/214\/2022\/09\/kontekst-nasl-8-222x300.jpg\" alt=\"\" width=\"222\" height=\"300\" srcset=\"https:\/\/pubweb.carnet.hr\/kdvz\/wp-content\/uploads\/sites\/214\/2022\/09\/kontekst-nasl-8-222x300.jpg 222w, https:\/\/pubweb.carnet.hr\/kdvz\/wp-content\/uploads\/sites\/214\/2022\/09\/kontekst-nasl-8.jpg 635w\" sizes=\"auto, (max-width: 222px) 100vw, 222px\" \/><\/a>Po\u0161tovane kolegice, kolege, suradnici i prijatelji Knji\u017eni\u010darskog dru\u0161tva Vara\u017edinske \u017eupanije,<\/p>\n<p>pred vama je 8. broj na\u0161eg Konteksta, ne\u0161to ranije nego sto ste navikli prethodnih godina, ali htjeli smo zavr\u0161iti ciklus s ovim Uredni\u0161tvom i sa mnom kao gl. urednicom Konteksta. Uvijek mo\u017ee bolje, ali 7 ljudi (Zrinka, Tina, Janja, Dra\u017eenka, Ladislav i Leira i moja malenkost) se ovih nekoliko godina iznimno trudilo i radilo kako bi finalni rezultat bio sto bolji, ljep\u0161i i kvalitetniji. U ime Uredni\u0161tva zahvaljujem se svima vama na suradnji, idejama, kritikama i pohvalama. I, naravno, pozivam vas da i dalje pi\u0161ete, slikate i istra\u017eujete, i na kraju, svoje uratke po\u0161aljete u Kontekst. Bit \u0107emo bolje informirani, povezaniji i kreativniji. A i veseliji! Hvala!<\/p>\n<p>Andreja Toljan<\/p>\n<p>Kontekst je dostupan na poveznici:\u00a0<a href=\"https:\/\/drive.google.com\/file\/d\/1S62GCBl74Vny0LjyHuhUgjDbKXFGLQjn\/view?usp=sharing\">KONTEKST 8<\/a><\/p>\n","protected":false},"excerpt":{"rendered":"<p>Po\u0161tovane kolegice, kolege, suradnici i prijatelji Knji\u017eni\u010darskog dru\u0161tva Vara\u017edinske \u017eupanije, pred vama je 8. broj na\u0161eg Konteksta, ne\u0161to ranije nego sto ste navikli prethodnih godina, ali htjeli smo zavr\u0161iti ciklus s ovim Uredni\u0161tvom i sa mnom kao gl. urednicom Konteksta. Uvijek mo\u017ee bolje, ali 7 ljudi (Zrinka, Tina, Janja, Dra\u017eenka, Ladislav i Leira i moja&#133;<\/p>\n","protected":false},"author":226,"featured_media":1444,"comment_status":"closed","ping_status":"closed","sticky":false,"template":"","format":"standard","meta":{"footnotes":""},"categories":[1],"tags":[],"class_list":["post-1442","post","type-post","status-publish","format-standard","has-post-thumbnail","hentry","category-nekategorizirano"],"_links":{"self":[{"href":"https:\/\/pubweb.carnet.hr\/kdvz\/wp-json\/wp\/v2\/posts\/1442","targetHints":{"allow":["GET"]}}],"collection":[{"href":"https:\/\/pubweb.carnet.hr\/kdvz\/wp-json\/wp\/v2\/posts"}],"about":[{"href":"https:\/\/pubweb.carnet.hr\/kdvz\/wp-json\/wp\/v2\/types\/post"}],"author":[{"embeddable":true,"href":"https:\/\/pubweb.carnet.hr\/kdvz\/wp-json\/wp\/v2\/users\/226"}],"replies":[{"embeddable":true,"href":"https:\/\/pubweb.carnet.hr\/kdvz\/wp-json\/wp\/v2\/comments?post=1442"}],"version-history":[{"count":2,"href":"https:\/\/pubweb.carnet.hr\/kdvz\/wp-json\/wp\/v2\/posts\/1442\/revisions"}],"predecessor-version":[{"id":1447,"href":"https:\/\/pubweb.carnet.hr\/kdvz\/wp-json\/wp\/v2\/posts\/1442\/revisions\/1447"}],"wp:featuredmedia":[{"embeddable":true,"href":"https:\/\/pubweb.carnet.hr\/kdvz\/wp-json\/wp\/v2\/media\/1444"}],"wp:attachment":[{"href":"https:\/\/pubweb.carnet.hr\/kdvz\/wp-json\/wp\/v2\/media?parent=1442"}],"wp:term":[{"taxonomy":"category","embeddable":true,"href":"https:\/\/pubweb.carnet.hr\/kdvz\/wp-json\/wp\/v2\/categories?post=1442"},{"taxonomy":"post_tag","embeddable":true,"href":"https:\/\/pubweb.carnet.hr\/kdvz\/wp-json\/wp\/v2\/tags?post=1442"}],"curies":[{"name":"wp","href":"https:\/\/api.w.org\/{rel}","templated":true}]}}