{"id":1419,"date":"2022-05-19T10:27:39","date_gmt":"2022-05-19T10:27:39","guid":{"rendered":"http:\/\/pubweb.carnet.hr\/kdvz\/?p=1419"},"modified":"2022-05-19T10:27:39","modified_gmt":"2022-05-19T10:27:39","slug":"in-memoriam-4","status":"publish","type":"post","link":"https:\/\/pubweb.carnet.hr\/kdvz\/2022\/05\/19\/in-memoriam-4\/","title":{"rendered":"IN MEMORIAM"},"content":{"rendered":"<p><a href=\"http:\/\/pubweb.carnet.hr\/kdvz\/wp-content\/uploads\/sites\/214\/2022\/05\/Ivana-\u0160timec-Sajko.jpg\"><img loading=\"lazy\" decoding=\"async\" class=\"alignleft size-medium wp-image-1420\" src=\"http:\/\/pubweb.carnet.hr\/kdvz\/wp-content\/uploads\/sites\/214\/2022\/05\/Ivana-\u0160timec-Sajko-138x300.jpg\" alt=\"\" width=\"138\" height=\"300\" srcset=\"https:\/\/pubweb.carnet.hr\/kdvz\/wp-content\/uploads\/sites\/214\/2022\/05\/Ivana-\u0160timec-Sajko-138x300.jpg 138w, https:\/\/pubweb.carnet.hr\/kdvz\/wp-content\/uploads\/sites\/214\/2022\/05\/Ivana-\u0160timec-Sajko-469x1024.jpg 469w, https:\/\/pubweb.carnet.hr\/kdvz\/wp-content\/uploads\/sites\/214\/2022\/05\/Ivana-\u0160timec-Sajko.jpg 563w\" sizes=\"auto, (max-width: 138px) 100vw, 138px\" \/><\/a><b>Ivana \u0160timec-Sajko (1975. \u2013 2022.)\u00a0<\/b><\/p>\n<p>S velikim \u017ealjenjem i neizmjernom tugom objavljujemo da je na\u0161a draga kolegica, stru\u010dna suradnica savjetnica, \u010dlanica Hrvatskog knji\u017eni\u010darskog dru\u0161tva, Knji\u017eni\u010darskog dru\u0161tva Vara\u017edinske \u017eupanije, Hrvatske udruge \u0161kolskih knji\u017eni\u010dara i Hrvatske mre\u017ee \u0161kolskih knji\u017eni\u010dara, \u0161kolska knji\u017eni\u010darka Ivana \u0160timec-Sajko, preminula nakon dulje i te\u0161ke bolesti u utorak, 17. 5. 2022. u Vara\u017edinu.<\/p>\n<p>Ivana \u0160timec-Sajko ro\u0111ena je 31. 5. 1975 godine. u \u010cakovcu. Diplomirani u\u010ditelj razredne nastave postaje diplomirav\u0161i na Visokoj u\u010diteljskoj \u0161koli u \u010cakovcu, 29. 6. 1998. godine. Zvanje diplomiranog bibliotekara, stje\u010de na Filozofskom fakultetu u Zagrebu 2003. godine. U \u0161kolskim knji\u017enicama radila je od 2000. godine, a njezino je posljednje radno mjesto, od 2006. godine, bilo u Graditeljskoj, prirodoslovnoj i rudarskoj \u0161koli Vara\u017edin, gdje njezina knji\u017enica postaje pravo srce \u0161kole, kako za u\u010denike, tako i za zaposlenike i ostale \u0161kolske knji\u017eni\u010dare Vara\u017edinske \u017eupanije.<\/p>\n<p>U \u0161kolskom knji\u017eni\u010darstvu ostavila je neizbrisiv trag, prihvativ\u0161i mnoge poslovne izazove. Bila je voditeljica \u017dSV-a srednjo\u0161kolskih knji\u017enica Vara\u017edinske \u017eupanije od 2008. do 2014. Rado je dijelila svoja knji\u017eni\u010darska iskustva kao predava\u010dica na \u017dupanijskim stru\u010dnim vije\u0107ima, me\u0111u\u017eupanijskim i dr\u017eavnim skupovima. Od 28. 6. 2013. godine svojim je radom stekla zvanje stru\u010dni suradnik mentor, a 27. 6. 2018. godine postaje stru\u010dni suradnik savjetnik.<\/p>\n<p>Ivana je bila iznimno anga\u017eirana \u010dlanica Hrvatske mre\u017ee \u0161kolskih knji\u017eni\u010dara te Mre\u017einog Upravnog odbora, izvrsna voditeljica projekata. Prepoznata je kao sjajna kolegica i suradnica, prije svega srda\u010dna, uvijek nasmijana, vedra, uporna i iskrena, nepresu\u0161nog humora i optimizma, energi\u010dnosti i pozitivnih misli.<\/p>\n<p>Vodila je projekt \u010citanjem do zvijezda\/Mre\u017ea \u010ditanja od 2013. do 2021. te redovito sudjelovala u projektima HM\u0160K-a, Tulumu s(l)ova i Daj \u0161api glas! na iznimno kreativan i poticajan na\u010din.<\/p>\n<p>Svim kolegama Knji\u017eni\u010darskog dru\u0161tva Vara\u017edinske \u017eupanije bila je \u010dast sura\u0111ivati s Ivanom. Bila je uvijek spremna pomo\u0107i u organizaciji doga\u0111anja, skupova, edukacija, posebno u radu s djecom i mladima. Vode\u0107i u\u010denike u Gradsku knji\u017enicu, aktivno je sudjelovala u razgledavanju i kreiranju usluga i programa, neprestano pronalaze\u0107i na\u010dine da ih potakne na razvijanje kulture \u010ditanja i informacijske pismenosti. Kako bi doprinijela \u0161to boljem poznavanju i vidljivosti \u0161kolskih knji\u017eni\u010dara aktivno se uklju\u010dila u rad Dru\u0161tva, napisav\u0161i za e-\u010dasopis \u201eKontekst\u201c nekoliko \u010dlanaka. Radovi su joj objavljeni u HKD novostima i Zborniku XXX. Proljetne \u0161kole \u0161kolskih knji\u017eni\u010dara.<\/p>\n<p>Ivana je svojom aktivno\u0161\u0107u obilje\u017eila mnoge na\u0161e \u017eivote. Predano i sa srcem radila je svoj posao. Kao \u010dlan Hrvatske udruge \u0161kolskih knji\u017eni\u010dara, od 2009. redovito je sudjelovala na skup\u0161tinama te na stru\u010dnim skupovima HU\u0160K-ovih podru\u017enica Me\u0111imurske i Vara\u017edinske \u017eupanije <i>U dobrome dru\u0161tvu, <\/i>gdje je vodila radionice timskih igara. Od po\u010detka zajedni\u010dkog projekta HU\u0160K-a i HM\u0160K-a, Tuluma s(l)ova, njezina knji\u017enica i u\u010denici bili su redoviti sudionici. Na e-savjetovanjima je zagovarala \u0161kolsko knji\u017eni\u010darstvo svojim stru\u010dnim komentarima, uklju\u010duju\u0107i se u argumentirano u rasprave vezane uz dono\u0161enje zakonskih akata u domeni knji\u017eni\u010darstva te odgoja i obrazovanja.<\/p>\n<p>Njeni u\u010denici nosit \u0107e je posebno u srcu jer je svakom od njih pristupala na sebi svojstven na\u010din, nude\u0107i im razumijevanje, pa\u017enju i ljubav u turbulentnom vremenu njihovog sazrijevanja i odrastanja. Pa\u017eljivim odabirom literature za obavezno, stru\u010dno i slobodno \u010ditanje, mudro im je pribli\u017eila lijepu knji\u017eevnost i stru\u010dnu literaturu.<\/p>\n<p>Njezin odnos sa \u0161kolskim i knji\u017eni\u010darskim kolegama posebna je pri\u010da. Uvijek je na\u0161la vremena za suradnju, dobar savjet i pohvalu. Obo\u017eavala je \u010ditati, svugdje je sa sobom nosila knjigu. Ivana je uvijek bila vrelo optimizma i pozitivne energije i te\u0161ko je povjerovati da njezin zvonki smijeh vi\u0161e ne\u0107e odjekivati na\u0161im knji\u017enicama i knji\u017eni\u010darskim susretima. Pamtit \u0107emo njezinu toplinu i optimizam, a ona neka mirno jedri nebeskim morima i prostranstvima.<\/p>\n<p>Na\u0161a draga kolegica Ivana \u0160timec-Sajko napustila nas je nakon borbe koja je bila te\u0161ka, ali u kojoj je uspijevala ostati pozitivnom i hrabrom djeluju\u0107i u svim trenucima sna\u017enije od svih nas.<\/p>\n<p>Svojim radom, ostavila je svijetli trag u \u0161kolskom knji\u017eni\u010darstvu i na\u0161im srcima. Ostaju nam lijepe uspomene na zajedni\u010dke aktivnosti u kojima smo se osje\u0107ali ispunjenima, zahvaljuju\u0107i toploj i pozitivnoj energiji koju je prosipala na nas. Nadamo se da \u0107e to biti dovoljno, kako bi ispunili ogromnu prazninu koju je ostavila. Hvala joj na dobroti i ljubavi koju nam je podijelila te na strasnom primjeru kako \u017eivjeti svaki tren \u017eivota, kako raditi posao \u0161kolske knji\u017eni\u010darke sa zadovoljstvom.<\/p>\n<p>Posljednji ispra\u0107aj odr\u017eat \u0107e 19. svibnja 2022. u 13.15 sati na gradskom groblju u Vara\u017edinu.<\/p>\n<p>&nbsp;<\/p>\n","protected":false},"excerpt":{"rendered":"<p>Ivana \u0160timec-Sajko (1975. \u2013 2022.)\u00a0 S velikim \u017ealjenjem i neizmjernom tugom objavljujemo da je na\u0161a draga kolegica, stru\u010dna suradnica savjetnica, \u010dlanica Hrvatskog knji\u017eni\u010darskog dru\u0161tva, Knji\u017eni\u010darskog dru\u0161tva Vara\u017edinske \u017eupanije, Hrvatske udruge \u0161kolskih knji\u017eni\u010dara i Hrvatske mre\u017ee \u0161kolskih knji\u017eni\u010dara, \u0161kolska knji\u017eni\u010darka Ivana \u0160timec-Sajko, preminula nakon dulje i te\u0161ke bolesti u utorak, 17. 5. 2022. u Vara\u017edinu. Ivana&#133;<\/p>\n","protected":false},"author":226,"featured_media":1421,"comment_status":"closed","ping_status":"closed","sticky":false,"template":"","format":"standard","meta":{"footnotes":""},"categories":[1],"tags":[],"class_list":["post-1419","post","type-post","status-publish","format-standard","has-post-thumbnail","hentry","category-nekategorizirano"],"_links":{"self":[{"href":"https:\/\/pubweb.carnet.hr\/kdvz\/wp-json\/wp\/v2\/posts\/1419","targetHints":{"allow":["GET"]}}],"collection":[{"href":"https:\/\/pubweb.carnet.hr\/kdvz\/wp-json\/wp\/v2\/posts"}],"about":[{"href":"https:\/\/pubweb.carnet.hr\/kdvz\/wp-json\/wp\/v2\/types\/post"}],"author":[{"embeddable":true,"href":"https:\/\/pubweb.carnet.hr\/kdvz\/wp-json\/wp\/v2\/users\/226"}],"replies":[{"embeddable":true,"href":"https:\/\/pubweb.carnet.hr\/kdvz\/wp-json\/wp\/v2\/comments?post=1419"}],"version-history":[{"count":1,"href":"https:\/\/pubweb.carnet.hr\/kdvz\/wp-json\/wp\/v2\/posts\/1419\/revisions"}],"predecessor-version":[{"id":1422,"href":"https:\/\/pubweb.carnet.hr\/kdvz\/wp-json\/wp\/v2\/posts\/1419\/revisions\/1422"}],"wp:featuredmedia":[{"embeddable":true,"href":"https:\/\/pubweb.carnet.hr\/kdvz\/wp-json\/wp\/v2\/media\/1421"}],"wp:attachment":[{"href":"https:\/\/pubweb.carnet.hr\/kdvz\/wp-json\/wp\/v2\/media?parent=1419"}],"wp:term":[{"taxonomy":"category","embeddable":true,"href":"https:\/\/pubweb.carnet.hr\/kdvz\/wp-json\/wp\/v2\/categories?post=1419"},{"taxonomy":"post_tag","embeddable":true,"href":"https:\/\/pubweb.carnet.hr\/kdvz\/wp-json\/wp\/v2\/tags?post=1419"}],"curies":[{"name":"wp","href":"https:\/\/api.w.org\/{rel}","templated":true}]}}