{"id":510,"date":"2009-06-08T14:25:56","date_gmt":"2009-06-08T12:25:56","guid":{"rendered":"https:\/\/pubweb.carnet.hr\/hsd\/?p=510"},"modified":"2017-02-27T12:29:00","modified_gmt":"2017-02-27T11:29:00","slug":"odrzan-prvi-socioloski-cetvrtak","status":"publish","type":"post","link":"https:\/\/pubweb.carnet.hr\/hsd\/hr\/2009\/06\/08\/odrzan-prvi-socioloski-cetvrtak\/","title":{"rendered":"Odr\u017ean prvi Sociolo\u0161ki \u010detvrtak"},"content":{"rendered":"<p><img loading=\"lazy\" decoding=\"async\" src=\"http:\/\/pubweb.carnet.hr\/hsd\/wp-content\/uploads\/sites\/598\/2017\/02\/zdhsd_280509-300x230.jpg\" alt=\"\" width=\"300\" height=\"230\" class=\"alignleft size-medium wp-image-509\" srcset=\"https:\/\/pubweb.carnet.hr\/hsd\/wp-content\/uploads\/sites\/598\/2017\/02\/zdhsd_280509-300x230.jpg 300w, https:\/\/pubweb.carnet.hr\/hsd\/wp-content\/uploads\/sites\/598\/2017\/02\/zdhsd_280509-768x588.jpg 768w, https:\/\/pubweb.carnet.hr\/hsd\/wp-content\/uploads\/sites\/598\/2017\/02\/zdhsd_280509.jpg 1003w\" sizes=\"auto, (max-width: 300px) 100vw, 300px\" \/>Sociolo\u0161ki \u010detvrtak odr\u017ean je 28. svibnja 2009. godine u u\u010dionici 203 (zgrada na rivi) u 19,00h na kojemu se raspravljalo o visoko\u0161kolskom obrazovanju.<\/p>\n<p>Uvodni\u010dari su bili Ratko \u010cori\u0107 (referirao je o knjizi K. P. Liessmana \u201eTeorija neobrazovanosti&#8221;) i Sven Marceli\u0107 (referirao je o knjizi M. Prieschinga \u201eBildungsideologien&#8221;).<\/p>\n<p>U gotovo dvosatnoj diskusiji sudjelovalo je 15-ak zainteresiranih profesora\/ica i studenata\/ica.<\/p>\n<p>Sljede\u0107i susret najavljen je za 25. lipnja 2009.<\/p>\n","protected":false},"excerpt":{"rendered":"<p>Sociolo\u0161ki \u010detvrtak odr\u017ean je 28. svibnja 2009. godine u u\u010dionici 203 (zgrada na rivi) u 19,00h na kojemu se raspravljalo o visoko\u0161kolskom obrazovanju. Uvodni\u010dari su bili Ratko \u010cori\u0107 (referirao je o knjizi K. P. Liessmana \u201eTeorija neobrazovanosti&#8221;) i Sven Marceli\u0107 (referirao je o knjizi M. Prieschinga \u201eBildungsideologien&#8221;). U gotovo dvosatnoj diskusiji sudjelovalo je 15-ak zainteresiranih &hellip; <a href=\"https:\/\/pubweb.carnet.hr\/hsd\/hr\/2009\/06\/08\/odrzan-prvi-socioloski-cetvrtak\/\" class=\"more-link\">Nastavi \u010ditati <span class=\"screen-reader-text\">Odr\u017ean prvi Sociolo\u0161ki \u010detvrtak<\/span><\/a><\/p>\n","protected":false},"author":736,"featured_media":0,"comment_status":"closed","ping_status":"closed","sticky":false,"template":"","format":"standard","meta":{"footnotes":""},"categories":[34],"tags":[],"class_list":["post-510","post","type-post","status-publish","format-standard","hentry","category-odrzana-dogadanja"],"_links":{"self":[{"href":"https:\/\/pubweb.carnet.hr\/hsd\/wp-json\/wp\/v2\/posts\/510","targetHints":{"allow":["GET"]}}],"collection":[{"href":"https:\/\/pubweb.carnet.hr\/hsd\/wp-json\/wp\/v2\/posts"}],"about":[{"href":"https:\/\/pubweb.carnet.hr\/hsd\/wp-json\/wp\/v2\/types\/post"}],"author":[{"embeddable":true,"href":"https:\/\/pubweb.carnet.hr\/hsd\/wp-json\/wp\/v2\/users\/736"}],"replies":[{"embeddable":true,"href":"https:\/\/pubweb.carnet.hr\/hsd\/wp-json\/wp\/v2\/comments?post=510"}],"version-history":[{"count":1,"href":"https:\/\/pubweb.carnet.hr\/hsd\/wp-json\/wp\/v2\/posts\/510\/revisions"}],"predecessor-version":[{"id":511,"href":"https:\/\/pubweb.carnet.hr\/hsd\/wp-json\/wp\/v2\/posts\/510\/revisions\/511"}],"wp:attachment":[{"href":"https:\/\/pubweb.carnet.hr\/hsd\/wp-json\/wp\/v2\/media?parent=510"}],"wp:term":[{"taxonomy":"category","embeddable":true,"href":"https:\/\/pubweb.carnet.hr\/hsd\/wp-json\/wp\/v2\/categories?post=510"},{"taxonomy":"post_tag","embeddable":true,"href":"https:\/\/pubweb.carnet.hr\/hsd\/wp-json\/wp\/v2\/tags?post=510"}],"curies":[{"name":"wp","href":"https:\/\/api.w.org\/{rel}","templated":true}]}}