{"id":1151,"date":"2008-01-22T10:31:03","date_gmt":"2008-01-22T09:31:03","guid":{"rendered":"https:\/\/pubweb.carnet.hr\/hsd\/?p=1151"},"modified":"2017-02-28T10:32:14","modified_gmt":"2017-02-28T09:32:14","slug":"zadar-radionica-isa-e-u-svibnju","status":"publish","type":"post","link":"https:\/\/pubweb.carnet.hr\/hsd\/hr\/2008\/01\/22\/zadar-radionica-isa-e-u-svibnju\/","title":{"rendered":"ZADAR: Radionica ISA-e u svibnju"},"content":{"rendered":"<p><img loading=\"lazy\" decoding=\"async\" src=\"http:\/\/pubweb.carnet.hr\/hsd\/wp-content\/uploads\/sites\/598\/2017\/02\/zadar.jpg\" alt=\"\" width=\"165\" height=\"166\" class=\"alignleft size-full wp-image-1111\" srcset=\"https:\/\/pubweb.carnet.hr\/hsd\/wp-content\/uploads\/sites\/598\/2017\/02\/zadar.jpg 165w, https:\/\/pubweb.carnet.hr\/hsd\/wp-content\/uploads\/sites\/598\/2017\/02\/zadar-150x150.jpg 150w\" sizes=\"auto, (max-width: 165px) 100vw, 165px\" \/>Od 8. do 10. svibnja 2008. godine u Zadru Hrvatsko sociolo\u0161ko dru\u0161tvo uz potporu Me\u0111unarodnog sociolo\u0161kog udru\u017eenja (ISA) organizira me\u0111unarodnu radionicu pod naslovom:<\/p>\n<p>SOCIOLOGIJA I INTERDISCIPLINARNOST: sredi\u0161nja i jugoisto\u010dna europska perspektiva.<\/p>\n","protected":false},"excerpt":{"rendered":"<p>Od 8. do 10. svibnja 2008. godine u Zadru Hrvatsko sociolo\u0161ko dru\u0161tvo uz potporu Me\u0111unarodnog sociolo\u0161kog udru\u017eenja (ISA) organizira me\u0111unarodnu radionicu pod naslovom: SOCIOLOGIJA I INTERDISCIPLINARNOST: sredi\u0161nja i jugoisto\u010dna europska perspektiva.<\/p>\n","protected":false},"author":736,"featured_media":0,"comment_status":"closed","ping_status":"closed","sticky":false,"template":"","format":"standard","meta":{"footnotes":""},"categories":[7],"tags":[],"class_list":["post-1151","post","type-post","status-publish","format-standard","hentry","category-nekategorizirano-hr"],"_links":{"self":[{"href":"https:\/\/pubweb.carnet.hr\/hsd\/wp-json\/wp\/v2\/posts\/1151","targetHints":{"allow":["GET"]}}],"collection":[{"href":"https:\/\/pubweb.carnet.hr\/hsd\/wp-json\/wp\/v2\/posts"}],"about":[{"href":"https:\/\/pubweb.carnet.hr\/hsd\/wp-json\/wp\/v2\/types\/post"}],"author":[{"embeddable":true,"href":"https:\/\/pubweb.carnet.hr\/hsd\/wp-json\/wp\/v2\/users\/736"}],"replies":[{"embeddable":true,"href":"https:\/\/pubweb.carnet.hr\/hsd\/wp-json\/wp\/v2\/comments?post=1151"}],"version-history":[{"count":1,"href":"https:\/\/pubweb.carnet.hr\/hsd\/wp-json\/wp\/v2\/posts\/1151\/revisions"}],"predecessor-version":[{"id":1152,"href":"https:\/\/pubweb.carnet.hr\/hsd\/wp-json\/wp\/v2\/posts\/1151\/revisions\/1152"}],"wp:attachment":[{"href":"https:\/\/pubweb.carnet.hr\/hsd\/wp-json\/wp\/v2\/media?parent=1151"}],"wp:term":[{"taxonomy":"category","embeddable":true,"href":"https:\/\/pubweb.carnet.hr\/hsd\/wp-json\/wp\/v2\/categories?post=1151"},{"taxonomy":"post_tag","embeddable":true,"href":"https:\/\/pubweb.carnet.hr\/hsd\/wp-json\/wp\/v2\/tags?post=1151"}],"curies":[{"name":"wp","href":"https:\/\/api.w.org\/{rel}","templated":true}]}}