{"id":185,"date":"2026-07-20T08:26:58","date_gmt":"2026-07-20T06:26:58","guid":{"rendered":"https:\/\/pubweb.carnet.hr\/centar-integracija-refleksa\/?p=185"},"modified":"2026-07-21T17:21:12","modified_gmt":"2026-07-21T15:21:12","slug":"natjecaj-za-zaposljavanje","status":"publish","type":"post","link":"https:\/\/pubweb.carnet.hr\/centar-integracija-refleksa\/2026\/07\/20\/natjecaj-za-zaposljavanje\/","title":{"rendered":"NATJE\u010cAJ ZA ZAPO\u0160LJAVANJE"},"content":{"rendered":"\n<p><strong>CENTAR ZA NEURORAZVOJNU INTEGRACIJU REFLEKSA<\/strong>&nbsp;raspisuje<\/p>\n\n\n\n<h2 class=\"wp-block-heading\">NATJE\u010cAJ<\/h2>\n\n\n\n<p>za prijam u radni odnos<\/p>\n\n\n\n<h3 class=\"wp-block-heading\">Radna mjesta:<\/h3>\n\n\n\n<p><strong>1. Edukacijski rehabilitator \u2013 MNRI stru\u010dnjak (Mentor)<\/strong><\/p>\n\n\n\n<ul class=\"wp-block-list\">\n<li>Broj izvr\u0161itelja: 1<\/li>\n\n\n\n<li>Mjesto rada: Zagreb \u2013 Novi Zagreb<\/li>\n\n\n\n<li>Vrsta zaposlenja:&nbsp;<strong>na neodre\u0111eno vrijeme<\/strong><\/li>\n\n\n\n<li>Radno vrijeme: nepuno radno vrijeme<\/li>\n<\/ul>\n\n\n\n<p><strong>Uvjeti:<\/strong><\/p>\n\n\n\n<ul class=\"wp-block-list\">\n<li>zavr\u0161en fakultet, akademija, magisterij ili odgovaraju\u0107a visoka stru\u010dna sprema (VSS) odnosno odgovaraju\u0107a stru\u010dna edukacija,<\/li>\n\n\n\n<li>najmanje 5 godina iskustva u radu prema Masgutovoj metodi neuro-senzomotori\u010dke integracije refleksa (MNRI),<\/li>\n\n\n\n<li>status MNRI Mentora.<\/li>\n<\/ul>\n\n\n\n<hr class=\"wp-block-separator has-alpha-channel-opacity\" \/>\n\n\n\n<p><strong>2. MNRI stru\u010dnjak<\/strong><\/p>\n\n\n\n<ul class=\"wp-block-list\">\n<li>Broj izvr\u0161itelja: 1<\/li>\n\n\n\n<li>Mjesto rada: Zagreb \u2013 Novi Zagreb<\/li>\n\n\n\n<li>Vrsta zaposlenja:&nbsp;<strong>na odre\u0111eno vrijeme<\/strong><\/li>\n\n\n\n<li>Radno vrijeme: nepuno radno vrijeme<\/li>\n<\/ul>\n\n\n\n<p><strong>Uvjeti:<\/strong><\/p>\n\n\n\n<ul class=\"wp-block-list\">\n<li>zavr\u0161ena odgovaraju\u0107a stru\u010dna sprema (SSS, VSS ili odgovaraju\u0107a stru\u010dna edukacija),<\/li>\n\n\n\n<li>posjedovanje MNRI stru\u010dne edukacije,<\/li>\n\n\n\n<li>radno iskustvo nije uvjet.<\/li>\n<\/ul>\n\n\n\n<h2 class=\"wp-block-heading\">Opis poslova<\/h2>\n\n\n\n<ul class=\"wp-block-list\">\n<li>provo\u0111enje individualnih i grupnih terapija integracije refleksa,<\/li>\n\n\n\n<li>rad s djecom s te\u0161ko\u0107ama u razvoju,<\/li>\n\n\n\n<li>suradnja s \u010dlanovima multidisciplinarnog stru\u010dnog tima,<\/li>\n\n\n\n<li>vo\u0111enje stru\u010dne dokumentacije.<\/li>\n<\/ul>\n\n\n\n<h2 class=\"wp-block-heading\">Ostale informacije<\/h2>\n\n\n\n<ul class=\"wp-block-list\">\n<li>na\u010din rada: prema dogovoru,<\/li>\n\n\n\n<li>smje\u0161taj nije osiguran,<\/li>\n\n\n\n<li>tro\u0161kovi prijevoza nadokna\u0111uju se u cijelosti.<\/li>\n<\/ul>\n\n\n\n<h2 class=\"wp-block-heading\">Uz prijavu kandidati su obvezni prilo\u017eiti:<\/h2>\n\n\n\n<ol start=\"1\" class=\"wp-block-list\">\n<li>\u017eivotopis,<\/li>\n\n\n\n<li>motivacijsko pismo,<\/li>\n\n\n\n<li>dokaz o ste\u010denoj stru\u010dnoj spremi,<\/li>\n\n\n\n<li>uvjerenje nadle\u017enog suda da se protiv kandidata ne vodi kazneni postupak.<\/li>\n<\/ol>\n\n\n\n<p>Prijave se dostavljaju putem e-po\u0161te na adresu&nbsp;<a href=\"mailto:integracija.refleksa@gmail.com\" target=\"_blank\" rel=\"noreferrer noopener\"><strong>integracija.refleksa@gmail.com<\/strong><\/a>, po\u0161tom ili osobno.<\/p>\n\n\n\n<p>Kontaktirani \u0107e biti samo kandidati koji u\u0111u u u\u017ei izbor.<\/p>\n\n\n\n<p>Centar za neurorazvojnu integraciju refleksa zadr\u017eava pravo poni\u0161tenja natje\u010daja u cijelosti ili djelomi\u010dno, bez obrazlo\u017eenja.<\/p>\n\n\n\n<p>Nudimo rad u multidisciplinarnom stru\u010dnom timu te izvrsne uvjete rada.<\/p>\n\n\n\n<p><strong>Natje\u010daj je otvoren od 5. velja\u010de 2026. do 12. velja\u010de 2026.\u00a0<\/strong><\/p>\n\n\n\n<p><\/p>\n","protected":false},"excerpt":{"rendered":"<p>CENTAR ZA NEURORAZVOJNU INTEGRACIJU REFLEKSA&nbsp;raspisuje NATJE\u010cAJ za prijam u radni odnos Radna mjesta: 1. Edukacijski rehabilitator \u2013 MNRI stru\u010dnjak (Mentor) Uvjeti: 2. MNRI stru\u010dnjak Uvjeti: Opis poslova Ostale informacije Uz prijavu kandidati su obvezni prilo\u017eiti: Prijave se dostavljaju putem e-po\u0161te &hellip;<\/p>\n<p class=\"read-more\"> <a class=\"more-link\" href=\"https:\/\/pubweb.carnet.hr\/centar-integracija-refleksa\/2026\/07\/20\/natjecaj-za-zaposljavanje\/\"> <span class=\"screen-reader-text\">NATJE\u010cAJ ZA ZAPO\u0160LJAVANJE<\/span> Read More &raquo;<\/a><\/p>\n","protected":false},"author":992,"featured_media":0,"comment_status":"closed","ping_status":"closed","sticky":false,"template":"","format":"standard","meta":{"footnotes":""},"categories":[1],"tags":[],"class_list":["post-185","post","type-post","status-publish","format-standard","hentry","category-nekategorizirano"],"_links":{"self":[{"href":"https:\/\/pubweb.carnet.hr\/centar-integracija-refleksa\/wp-json\/wp\/v2\/posts\/185","targetHints":{"allow":["GET"]}}],"collection":[{"href":"https:\/\/pubweb.carnet.hr\/centar-integracija-refleksa\/wp-json\/wp\/v2\/posts"}],"about":[{"href":"https:\/\/pubweb.carnet.hr\/centar-integracija-refleksa\/wp-json\/wp\/v2\/types\/post"}],"author":[{"embeddable":true,"href":"https:\/\/pubweb.carnet.hr\/centar-integracija-refleksa\/wp-json\/wp\/v2\/users\/992"}],"replies":[{"embeddable":true,"href":"https:\/\/pubweb.carnet.hr\/centar-integracija-refleksa\/wp-json\/wp\/v2\/comments?post=185"}],"version-history":[{"count":2,"href":"https:\/\/pubweb.carnet.hr\/centar-integracija-refleksa\/wp-json\/wp\/v2\/posts\/185\/revisions"}],"predecessor-version":[{"id":187,"href":"https:\/\/pubweb.carnet.hr\/centar-integracija-refleksa\/wp-json\/wp\/v2\/posts\/185\/revisions\/187"}],"wp:attachment":[{"href":"https:\/\/pubweb.carnet.hr\/centar-integracija-refleksa\/wp-json\/wp\/v2\/media?parent=185"}],"wp:term":[{"taxonomy":"category","embeddable":true,"href":"https:\/\/pubweb.carnet.hr\/centar-integracija-refleksa\/wp-json\/wp\/v2\/categories?post=185"},{"taxonomy":"post_tag","embeddable":true,"href":"https:\/\/pubweb.carnet.hr\/centar-integracija-refleksa\/wp-json\/wp\/v2\/tags?post=185"}],"curies":[{"name":"wp","href":"https:\/\/api.w.org\/{rel}","templated":true}]}}